{"id":249,"date":"2022-04-13T16:01:24","date_gmt":"2022-04-13T14:01:24","guid":{"rendered":"https:\/\/websites.artecom.studio\/dessine\/?p=249"},"modified":"2022-04-20T13:26:40","modified_gmt":"2022-04-20T11:26:40","slug":"temoignage-ecrit-1","status":"publish","type":"post","link":"https:\/\/websites.artecom.studio\/dessine\/temoignage-ecrit-1\/","title":{"rendered":"EPISODES"},"content":{"rendered":"\n<p>N&rsquo;ayant pas fait d&rsquo;\u00e9tudes, j&rsquo;ai \u00e9t\u00e9 contraint de commencer en bas de l&rsquo;\u00e9chelle professionnelle.<\/p>\n\n\n\n<p>J&rsquo;ai travaill\u00e9\/err\u00e9 pendant 3 ans environs comme manutentionnaire int\u00e9rimaire (d\u00e9m\u00e9nagement, travail \u00e0 l&rsquo;usine, espace vert, etc&#8230;)<\/p>\n\n\n\n<p>Je suis parti vivre \u00e0 Paris \u00e0 l&rsquo;\u00e2ge de 21 ans ou j&rsquo;ai eu la chance d&rsquo;\u00eatre embauch\u00e9 en tant que livreur pour un salade bar. Au bout d&rsquo; 1 mois, \u00e0 la vue de mon implication, et du fait que l&rsquo;apprenti p\u00e2tissier quittait son poste, le patron m&rsquo;a propos\u00e9 de me former au m\u00e9tier de la p\u00e2tisserie.<\/p>\n\n\n\n<p>Apr\u00e8s 1 ans, je suis parti \u00e0 Londres afin de parfaire mon anglais (tr\u00e8s mauvais). J&rsquo;ai commenc\u00e9 \u00e0 travailler comme runner (sorte de sous serveur) dans un restaurant haut de gamme, puis je suis devenu serveur au Mandarin Oriental (hotel 5*) puis je suis reparti dans le premier restaurant pour ma premi\u00e8re exp\u00e9rience de management en tant que responsable des runners (6 employ\u00e9s).<\/p>\n\n\n\n<p>Apr\u00e8s 1 ans \u00e0 Londres, je suis retourn\u00e9 \u00e0 Montpellier ou je suis devenu manager d&rsquo;une pizzeria type Dominos. 6 mois apr\u00e8s, je retournais \u00e0 Paris pour travailler pour mon ancien employeur.<\/p>\n\n\n\n<p>6 mois apr\u00e8s, je partais pour 3 mois \u00e0 Melbourne, pour travailler, mais surtout pour faire la f\u00eate. J&rsquo;ai \u00e9galement voyag\u00e9 en Asie pendant 7 mois.<\/p>\n\n\n\n<p>Puis a mon retour \u00e0 Paris, j&rsquo;ai travaill\u00e9 pendant 1 ans pour une cha\u00eene de salade bar en plein essor.<\/p>\n\n\n\n<p>Je suis ensuite devenu manager de 8 restaurants li\u00e9s \u00e0 l&rsquo;\u00e9v\u00e9nementiel (parc expo) pour le groupe Elior.<\/p>\n\n\n\n<p>Apr\u00e8s 1 an et demi, je suis parti 6 mois pour \u00eatre directeur d&rsquo;un point de vente \u00e0 gros (\u00e9norme) volume de l&rsquo;a\u00e9roport CDG.<\/p>\n\n\n\n<p>Puis 1 an en tant que directeur du restaurant au sein des locaux de Google.<\/p>\n\n\n\n<p>Puis ma premi\u00e8re reconversion, en tant que \u00ab\u00a0business developer&rsquo; (commercial de terrain) pour une start up anglaise li\u00e9e \u00e0 la foodtech, et qui venait d&rsquo;ouvrir une enclave parisienne.<\/p>\n\n\n\n<p>14 mois \u00e0 ce poste avant une promotion au bout de 10 mois, puis le covid est arriv\u00e9.<\/p>\n\n\n\n<p>La start up a ferm\u00e9 toutes ses branches europ\u00e9ennes et m&rsquo;a donc licenci\u00e9.<\/p>\n\n\n\n<p>J&rsquo;avais d\u00e9j\u00e0 commenc\u00e9 une formation de prof de yoga, mais pour mon plaisir personnel, sans l&rsquo;intention de donner des cours.<\/p>\n\n\n\n<p>Le confinement a \u00e9t\u00e9 comme un d\u00e9clic, un signe. J&rsquo;ai donc d\u00e9cid\u00e9 d&rsquo;approfondir ma formation et je me suis lanc\u00e9, avec succ\u00e8s, dans cette nouvelle carri\u00e8re.<\/p>\n\n\n\n<p>Pour r\u00e9sumer, la restauration \u00e9tant un milieu p\u00e9nible, il est facile d\u2019expliquer les p\u00e9riodes relativement courtes au sein d&rsquo;une m\u00eame entreprise. Cela m&rsquo;a permis, \u00e9galement, d&rsquo;augmenter mes comp\u00e9tences \u00e0 chaque nouvelle prise de poste. N&rsquo;ayant pas de dipl\u00f4me, j&rsquo;ai donc choisi de me faire des exp\u00e9riences afin d&rsquo;\u00e9voluer rapidement.<\/p>\n\n\n\n<p>Au final, tout n&rsquo;est qu&rsquo;une question de culot.<\/p>\n\n\n\n<p class=\"has-text-align-right\">Manu<\/p>\n","protected":false},"excerpt":{"rendered":"<p>N&rsquo;ayant pas fait d&rsquo;\u00e9tudes, j&rsquo;ai \u00e9t\u00e9 contraint de commencer en bas de l&rsquo;\u00e9chelle professionnelle. J&rsquo;ai travaill\u00e9\/err\u00e9 pendant 3 ans environs comme manutentionnaire int\u00e9rimaire (d\u00e9m\u00e9nagement,&#8230;<\/p>\n","protected":false},"author":18,"featured_media":200,"comment_status":"closed","ping_status":"open","sticky":false,"template":"","format":"standard","meta":{"advgb_blocks_editor_width":"","advgb_blocks_columns_visual_guide":"","footnotes":""},"categories":[7],"tags":[],"class_list":["post-249","post","type-post","status-publish","format-standard","has-post-thumbnail","hentry","category-multivers"],"author_meta":{"display_name":"claralu","author_link":"https:\/\/websites.artecom.studio\/dessine\/author\/claralu\/"},"featured_img":"https:\/\/websites.artecom.studio\/dessine\/wp-content\/uploads\/sites\/4\/2022\/04\/1-2-212x300.png","coauthors":[],"tax_additional":{"categories":{"linked":["<a href=\"https:\/\/websites.artecom.studio\/dessine\/category\/multivers\/\" class=\"advgb-post-tax-term\">Multivers<\/a>"],"unlinked":["<span class=\"advgb-post-tax-term\">Multivers<\/span>"]}},"comment_count":"0","relative_dates":{"created":"Publi\u00e9 4 ans il y a","modified":"Mis \u00e0 jour 4 ans il y a"},"absolute_dates":{"created":"Publi\u00e9 le 13 avril 2022","modified":"Mise \u00e0 jour le 20 avril 2022"},"absolute_dates_time":{"created":"Publi\u00e9 le 13 avril 2022 16h01","modified":"Mise \u00e0 jour le 20 avril 2022 13h26"},"featured_img_caption":"","series_order":"","_links":{"self":[{"href":"https:\/\/websites.artecom.studio\/dessine\/wp-json\/wp\/v2\/posts\/249","targetHints":{"allow":["GET"]}}],"collection":[{"href":"https:\/\/websites.artecom.studio\/dessine\/wp-json\/wp\/v2\/posts"}],"about":[{"href":"https:\/\/websites.artecom.studio\/dessine\/wp-json\/wp\/v2\/types\/post"}],"author":[{"embeddable":true,"href":"https:\/\/websites.artecom.studio\/dessine\/wp-json\/wp\/v2\/users\/18"}],"replies":[{"embeddable":true,"href":"https:\/\/websites.artecom.studio\/dessine\/wp-json\/wp\/v2\/comments?post=249"}],"version-history":[{"count":5,"href":"https:\/\/websites.artecom.studio\/dessine\/wp-json\/wp\/v2\/posts\/249\/revisions"}],"predecessor-version":[{"id":542,"href":"https:\/\/websites.artecom.studio\/dessine\/wp-json\/wp\/v2\/posts\/249\/revisions\/542"}],"wp:featuredmedia":[{"embeddable":true,"href":"https:\/\/websites.artecom.studio\/dessine\/wp-json\/wp\/v2\/media\/200"}],"wp:attachment":[{"href":"https:\/\/websites.artecom.studio\/dessine\/wp-json\/wp\/v2\/media?parent=249"}],"wp:term":[{"taxonomy":"category","embeddable":true,"href":"https:\/\/websites.artecom.studio\/dessine\/wp-json\/wp\/v2\/categories?post=249"},{"taxonomy":"post_tag","embeddable":true,"href":"https:\/\/websites.artecom.studio\/dessine\/wp-json\/wp\/v2\/tags?post=249"}],"curies":[{"name":"wp","href":"https:\/\/api.w.org\/{rel}","templated":true}]}}