{"id":252,"date":"2022-04-13T16:30:04","date_gmt":"2022-04-13T14:30:04","guid":{"rendered":"https:\/\/websites.artecom.studio\/dessine\/?p=252"},"modified":"2022-04-26T11:31:22","modified_gmt":"2022-04-26T09:31:22","slug":"introspection","status":"publish","type":"post","link":"https:\/\/websites.artecom.studio\/dessine\/introspection\/","title":{"rendered":"INTROSPECTION"},"content":{"rendered":"\n<div style=\"height:73px\" aria-hidden=\"true\" class=\"wp-block-spacer\"><\/div>\n\n\n\n<p>Avant cette ann\u00e9e, je ne pensais pas pouvoir y arriver. A quoi ? A murir, \u00e0 changer. Il y a des jours plus marquants que les autres. J\u2019\u00e9cris aujourd\u2019hui car je sens que je ne suis plus la m\u00eame, qu\u2019il s\u2019est pass\u00e9 quelque chose.&nbsp;<\/p>\n\n\n\n<p>Comment l\u2019expliquer ? Comment d\u00e9finir ce ph\u00e9nom\u00e8ne inobservable qu\u2019est la percussion de mon \u00e2me, qui m\u2019envahit d\u2019une \u00e9motion si forte qu\u2019elle ne me quitte plus. Mon corps entier est rempli d\u2019une chaleur, d\u2019une force qui me passe au d\u00e9voilement du meilleur de moi-m\u00eame. Aujourd\u2019hui, je sais qu\u2019une chose est certaine, je n\u2019ai plus de doute, je veux devenir professeure. Je veux \u00eatre au contact constant d\u2019\u00e9l\u00e8ves perdu.es, comme je l\u2019\u00e9tais.&nbsp;<\/p>\n\n\n\n<p>On m\u2019a d\u2019ailleurs r\u00e9p\u00e9t\u00e9 tellement de fois que je n\u2019y arriverai pas, que je ne continuerai pas mes \u00e9tudes, que j\u2019\u00e9tais fichue. Une chose est certaine, je suis et serai toujours dans la compr\u00e9hension et l\u2019\u00e9coute de mes \u00e9l\u00e8ves, plut\u00f4t que dans le rabaissement qui, d\u2019ailleurs, n\u2019a aucune place dans l&rsquo;\u00e9ducation.&nbsp;<\/p>\n\n\n\n<p>Les professeur.es qui \u00e9taient les n\u00f4tres cette ann\u00e9e m\u2019ont appris la patience, la pers\u00e9v\u00e9rance, l\u2019acceptation de soi et l\u2019amour de soi. Tous.tes m\u2019ont montr\u00e9 \u00e0 quel point le m\u00e9tier de professeur.e \u00e9tait le plus beau du monde. A cet instant de ma vie je ressens une immense gratitude \u00e0 leur \u00e9gard, et je suis fi\u00e8re de moi.<\/p>\n\n\n\n<p class=\"has-text-align-right\">Nawel<\/p>\n","protected":false},"excerpt":{"rendered":"<p>Avant cette ann\u00e9e, je ne pensais pas pouvoir y arriver. A quoi ? A murir, \u00e0 changer. Il y a des jours plus marquants&#8230;<\/p>\n","protected":false},"author":18,"featured_media":143,"comment_status":"closed","ping_status":"open","sticky":false,"template":"","format":"standard","meta":{"advgb_blocks_editor_width":"","advgb_blocks_columns_visual_guide":"","footnotes":""},"categories":[7],"tags":[],"class_list":["post-252","post","type-post","status-publish","format-standard","has-post-thumbnail","hentry","category-multivers"],"author_meta":{"display_name":"claralu","author_link":"https:\/\/websites.artecom.studio\/dessine\/author\/claralu\/"},"featured_img":"https:\/\/websites.artecom.studio\/dessine\/wp-content\/uploads\/sites\/4\/2022\/04\/1-212x300.png","coauthors":[],"tax_additional":{"categories":{"linked":["<a href=\"https:\/\/websites.artecom.studio\/dessine\/category\/multivers\/\" class=\"advgb-post-tax-term\">Multivers<\/a>"],"unlinked":["<span class=\"advgb-post-tax-term\">Multivers<\/span>"]}},"comment_count":"0","relative_dates":{"created":"Publi\u00e9 4 ans il y a","modified":"Mis \u00e0 jour 4 ans il y a"},"absolute_dates":{"created":"Publi\u00e9 le 13 avril 2022","modified":"Mise \u00e0 jour le 26 avril 2022"},"absolute_dates_time":{"created":"Publi\u00e9 le 13 avril 2022 16h30","modified":"Mise \u00e0 jour le 26 avril 2022 11h31"},"featured_img_caption":"","series_order":"","_links":{"self":[{"href":"https:\/\/websites.artecom.studio\/dessine\/wp-json\/wp\/v2\/posts\/252","targetHints":{"allow":["GET"]}}],"collection":[{"href":"https:\/\/websites.artecom.studio\/dessine\/wp-json\/wp\/v2\/posts"}],"about":[{"href":"https:\/\/websites.artecom.studio\/dessine\/wp-json\/wp\/v2\/types\/post"}],"author":[{"embeddable":true,"href":"https:\/\/websites.artecom.studio\/dessine\/wp-json\/wp\/v2\/users\/18"}],"replies":[{"embeddable":true,"href":"https:\/\/websites.artecom.studio\/dessine\/wp-json\/wp\/v2\/comments?post=252"}],"version-history":[{"count":6,"href":"https:\/\/websites.artecom.studio\/dessine\/wp-json\/wp\/v2\/posts\/252\/revisions"}],"predecessor-version":[{"id":603,"href":"https:\/\/websites.artecom.studio\/dessine\/wp-json\/wp\/v2\/posts\/252\/revisions\/603"}],"wp:featuredmedia":[{"embeddable":true,"href":"https:\/\/websites.artecom.studio\/dessine\/wp-json\/wp\/v2\/media\/143"}],"wp:attachment":[{"href":"https:\/\/websites.artecom.studio\/dessine\/wp-json\/wp\/v2\/media?parent=252"}],"wp:term":[{"taxonomy":"category","embeddable":true,"href":"https:\/\/websites.artecom.studio\/dessine\/wp-json\/wp\/v2\/categories?post=252"},{"taxonomy":"post_tag","embeddable":true,"href":"https:\/\/websites.artecom.studio\/dessine\/wp-json\/wp\/v2\/tags?post=252"}],"curies":[{"name":"wp","href":"https:\/\/api.w.org\/{rel}","templated":true}]}}