{"id":257,"date":"2022-04-13T16:32:24","date_gmt":"2022-04-13T14:32:24","guid":{"rendered":"https:\/\/websites.artecom.studio\/dessine\/?p=257"},"modified":"2022-04-20T13:25:54","modified_gmt":"2022-04-20T11:25:54","slug":"odyssee","status":"publish","type":"post","link":"https:\/\/websites.artecom.studio\/dessine\/odyssee\/","title":{"rendered":"ODYSSEE"},"content":{"rendered":"\n<p>C\u2019est en militant au MRAP (Mouvement contre le Racisme et pour l\u2019Amiti\u00e9 entre les Peuples) que j\u2019ai d\u00e9couvert la MJC (Maison des Jeunes et de la Culture). Nous nous y retrouvions pour les r\u00e9unions du comit\u00e9 local du MRAP. Au fil du temps j\u2019ai tiss\u00e9 des liens avec les salari\u00e9s et les administrateurs de la M.J.C. et j\u2019ai naturellement propos\u00e9 mon aide au directeur sur le secteur administratif puisque j\u2019avais une formation professionnelle de secr\u00e9taire et du temps \u00e0 partager. Ce temps consacr\u00e9 a r\u00e9v\u00e9l\u00e9 un r\u00e9el besoin et le poste de secr\u00e9taire a \u00e9t\u00e9 cr\u00e9\u00e9. J\u2019ai d\u2019abord d\u00e9but\u00e9 avec un contrat aid\u00e9 de \u00ab&nbsp;jeune volontaire&nbsp;\u00bb pendant 1 an puis j\u2019ai \u00e9t\u00e9 embauch\u00e9e en CDI. Cette merveilleuse aventure a dur\u00e9 19 ans. Travailler \u00e0 la M.J.C. a \u00e9t\u00e9 pour moi tr\u00e8s enrichissant tant humainement que culturellement. J\u2019aimais les valeurs que l\u2019on portait, l\u2019\u00e9ducation populaire, la culture pour tous. Mais les associations d\u00e9pendent en grande partie des subventions publiques et la volont\u00e9 politique n\u2019a pas \u00e9t\u00e9 pr\u00e9sente au moment critique ou la M.J.C. en avait le plus besoin. Il y a donc eu une liquidation judiciaire, licenciements \u00e9conomiques de tous les salari\u00e9s et toute une population en peine de perdre sa M.J.C.<\/p>\n\n\n\n<p>J\u2019ai pris le temps, apr\u00e8s mon licenciement, de voir grandir mes enfants. Lorsque mes 3 filles ont \u00e9t\u00e9 scolaris\u00e9es, l\u2019opportunit\u00e9 d\u2019un poste de secr\u00e9taire dans un club de football s\u2019est pr\u00e9sent\u00e9e et pendant 3 ans j\u2019ai g\u00e9r\u00e9 les d\u00e9placements, les r\u00e9ceptions des \u00e9quipes, les plannings des terrains, la communication des r\u00e9sultats etc. C\u2019\u00e9tait totalement diff\u00e9rent mais tr\u00e8s int\u00e9ressant. Le milieu sportif ne m\u2019\u00e9tait pas inconnu puisque j\u2019avais pratiqu\u00e9 &nbsp; du handball en club pendant plus de 15 ans.<\/p>\n\n\n\n<p>A la fin de mon contrat au club de foot j\u2019ai souhait\u00e9 suivre une formation dipl\u00f4mante de secr\u00e9taire m\u00e9dico sociale afin d\u2019\u00e9largir mon champ d\u2019action pour mes futures recherches d\u2019emploi. Ce dipl\u00f4me en poche j\u2019ai pu travailler le temps d\u2019un remplacement dans un cabinet m\u00e9dical puis dans un centre hospitalier. Ces exp\u00e9riences en milieu m\u00e9dical, bien que tr\u00e8s enrichissantes, m\u2019ont confort\u00e9e dans l\u2019id\u00e9e que le m\u00e9tier de secr\u00e9taire m\u00e9dicale tel que je l\u2019avais pratiqu\u00e9 sur ces 2 structures ne me convenait pas\u2026<\/p>\n\n\n\n<p>J\u2019ai effectu\u00e9 un remplacement en tant que surveillante de nuit dans un foyer de vie pour adultes handicap\u00e9s. Le contact avec ce public d\u2019adultes handicap\u00e9s a \u00e9t\u00e9 tr\u00e8s positif mais le travail de nuit a \u00e9t\u00e9 pour moi difficile a g\u00e9rer.<\/p>\n\n\n\n<p>J\u2019ai donc postul\u00e9 dans un coll\u00e8ge qui cherchait une assistante d\u2019\u00e9ducation et j\u2019ai \u00e9t\u00e9 retenue pour un contrat de 6 ans. J\u2019ai continu\u00e9 \u00e0 postuler lorsque des offres d\u2019emplois int\u00e9ressantes se pr\u00e9sentaient et avant la fin de mon contrat au coll\u00e8ge j\u2019ai \u00e9t\u00e9 retenue au Centre Social et Culturel, dans lequel je travaille toujours aujourd\u2019hui en tant que secr\u00e9taire.<\/p>\n\n\n\n<p>Ce poste m\u2019a permis de renouer avec ce qui me correspond tant, le milieu associatif, l\u2019\u00e9ducation populaire, les valeurs humaines&#8230;<\/p>\n\n\n\n<p>Un centre social et culturel est un lieu d&rsquo;animation de la vie sociale permettant aux habitants d&rsquo;exprimer, de concevoir et de r\u00e9aliser leurs projets : il prend en compte l&rsquo;expression des demandes et des initiatives des usagers et des habitants, et favorise la vie sociale et la vie associative.&nbsp;<\/p>\n\n\n\n<p>Je vais travailler, le c\u0153ur l\u00e9ger.<\/p>\n\n\n\n<p class=\"has-text-align-right\">Isabelle<\/p>\n","protected":false},"excerpt":{"rendered":"<p>C\u2019est en militant au MRAP (Mouvement contre le Racisme et pour l\u2019Amiti\u00e9 entre les Peuples) que j\u2019ai d\u00e9couvert la MJC (Maison des Jeunes et&#8230;<\/p>\n","protected":false},"author":18,"featured_media":196,"comment_status":"closed","ping_status":"open","sticky":false,"template":"","format":"standard","meta":{"advgb_blocks_editor_width":"","advgb_blocks_columns_visual_guide":"","footnotes":""},"categories":[7],"tags":[],"class_list":["post-257","post","type-post","status-publish","format-standard","has-post-thumbnail","hentry","category-multivers"],"author_meta":{"display_name":"claralu","author_link":"https:\/\/websites.artecom.studio\/dessine\/author\/claralu\/"},"featured_img":"https:\/\/websites.artecom.studio\/dessine\/wp-content\/uploads\/sites\/4\/2022\/04\/4-212x300.png","coauthors":[],"tax_additional":{"categories":{"linked":["<a href=\"https:\/\/websites.artecom.studio\/dessine\/category\/multivers\/\" class=\"advgb-post-tax-term\">Multivers<\/a>"],"unlinked":["<span class=\"advgb-post-tax-term\">Multivers<\/span>"]}},"comment_count":"0","relative_dates":{"created":"Publi\u00e9 4 ans il y a","modified":"Mis \u00e0 jour 4 ans il y a"},"absolute_dates":{"created":"Publi\u00e9 le 13 avril 2022","modified":"Mise \u00e0 jour le 20 avril 2022"},"absolute_dates_time":{"created":"Publi\u00e9 le 13 avril 2022 16h32","modified":"Mise \u00e0 jour le 20 avril 2022 13h25"},"featured_img_caption":"","series_order":"","_links":{"self":[{"href":"https:\/\/websites.artecom.studio\/dessine\/wp-json\/wp\/v2\/posts\/257","targetHints":{"allow":["GET"]}}],"collection":[{"href":"https:\/\/websites.artecom.studio\/dessine\/wp-json\/wp\/v2\/posts"}],"about":[{"href":"https:\/\/websites.artecom.studio\/dessine\/wp-json\/wp\/v2\/types\/post"}],"author":[{"embeddable":true,"href":"https:\/\/websites.artecom.studio\/dessine\/wp-json\/wp\/v2\/users\/18"}],"replies":[{"embeddable":true,"href":"https:\/\/websites.artecom.studio\/dessine\/wp-json\/wp\/v2\/comments?post=257"}],"version-history":[{"count":4,"href":"https:\/\/websites.artecom.studio\/dessine\/wp-json\/wp\/v2\/posts\/257\/revisions"}],"predecessor-version":[{"id":540,"href":"https:\/\/websites.artecom.studio\/dessine\/wp-json\/wp\/v2\/posts\/257\/revisions\/540"}],"wp:featuredmedia":[{"embeddable":true,"href":"https:\/\/websites.artecom.studio\/dessine\/wp-json\/wp\/v2\/media\/196"}],"wp:attachment":[{"href":"https:\/\/websites.artecom.studio\/dessine\/wp-json\/wp\/v2\/media?parent=257"}],"wp:term":[{"taxonomy":"category","embeddable":true,"href":"https:\/\/websites.artecom.studio\/dessine\/wp-json\/wp\/v2\/categories?post=257"},{"taxonomy":"post_tag","embeddable":true,"href":"https:\/\/websites.artecom.studio\/dessine\/wp-json\/wp\/v2\/tags?post=257"}],"curies":[{"name":"wp","href":"https:\/\/api.w.org\/{rel}","templated":true}]}}