{"id":264,"date":"2022-04-13T16:39:05","date_gmt":"2022-04-13T14:39:05","guid":{"rendered":"https:\/\/websites.artecom.studio\/dessine\/?p=264"},"modified":"2022-04-20T12:37:59","modified_gmt":"2022-04-20T10:37:59","slug":"tous-les-chemins-menent-a-la-culture","status":"publish","type":"post","link":"https:\/\/websites.artecom.studio\/dessine\/tous-les-chemins-menent-a-la-culture\/","title":{"rendered":"TOUS LES CHEMINS MENENT A LA CULTURE"},"content":{"rendered":"\n<p>D&rsquo;aussi loin que je me souvienne, j&rsquo;ai toujours voulu travailler dans le milieu de la culture.<br>Le cin\u00e9ma m&rsquo;a toujours attir\u00e9, la musique a toujours rythm\u00e9 ma vie et la lecture m&rsquo;a toujours accompagn\u00e9. J&rsquo;ai d&rsquo;abord voulu faire de la musique mais ma conception tr\u00e8s libre de l&rsquo;apprentissage s&rsquo;est rapidement heurt\u00e9 \u00e0 celle plus acad\u00e9mique de mes parents. Sans solf\u00e8ge, pas d&rsquo;instrument. J&rsquo;ai essay\u00e9 pendant deux ans mais la rigueur demand\u00e9e et la<br>th\u00e9orie sans la pratique me semblait bien \u00e9loign\u00e9es de mes aspirations \u00e0 jouer du Rock&rsquo; n&rsquo;<br>Roll. Sans compter une fain\u00e9antise naturelle qui se manifestait d&rsquo;autant plus fortement que<br>je ne voyais pas l&rsquo;int\u00e9r\u00eat de savoir distinguer un Mi d&rsquo;un Fa ou de pouvoir compter les<br>croches dans une mesure.<br>Quand il a fallu commencer \u00e0 r\u00e9fl\u00e9chir \u00e0 une orientation en fin de seconde, mon lyc\u00e9e<br>venait de lancer une option cin\u00e9ma pour le bac. \u00c9videmment, c&rsquo;\u00e9tait fait pour moi. L\u00e0<br>encore, mon enthousiasme s&rsquo;est heurt\u00e9 au pragmatisme de mes parents pour qui ce type<br>d&rsquo;option n&rsquo;\u00e9tait qu&rsquo;une perte de temps. \u00ab Passe ton Bac, tu feras ce que tu veux apr\u00e8s. \u00bb<br>Sauf que ce n&rsquo;\u00e9tait pas tout \u00e0 fait vrai non plus, bien s\u00fbr.<br>Une fois cette \u00e9tape acad\u00e9mique franchie, je me suis dirig\u00e9 vers un DUT m\u00e9tiers du livre.<br>Apr\u00e8s mes tentatives avort\u00e9es de faire partie du milieu musicale ou cin\u00e9matographique, je<br>me raccroch\u00e9 \u00e0 la derni\u00e8re option qui me restait, le monde du livre. Bien s\u00fbr, celle-ci \u00e9tait<br>beaucoup moins attrayante que les deux autres mais au moins, elle \u00e9tait approuv\u00e9e et<br>valid\u00e9e par mes parents. Une fois le dipl\u00f4me en poche, j&rsquo;ai \u00e9t\u00e9 employ\u00e9 chez un loueur de<br>cassettes vid\u00e9os puis pendant deux ans dans une grande salle de jeux. Quand celle-ci a<br>ferm\u00e9, j&rsquo;ai trouv\u00e9 un emploi de vendeur CD\/DVD dans un Espace Culturel Leclerc.<br>Cet emploi a \u00e9t\u00e9 le vrai point de d\u00e9part de ma vie professionnelle. J&rsquo;y ai beaucoup appris<br>sur les diff\u00e9rentes \u00e9tapes du commerce culturelle, des commandes avec les repr\u00e9sentants \u00e0<br>la mise en rayon de celles-ci. J&rsquo;ai surtout compris que ce qui me plaisait vraiment \u00e9tait de<br>faire partager ma curiosit\u00e9 et ma passion pour toutes forme de culture. Forc\u00e9ment, avec<br>cette d\u00e9couverte, le m\u00e9tier de vendeur m&rsquo;a paru de plus en plus limit\u00e9. Le conseil ne<br>repr\u00e9sentait finalement qu&rsquo;une part tr\u00e8s restreinte du m\u00e9tier et c&rsquo;\u00e9tait celle qui m&rsquo;int\u00e9ressait<br>le plus. Au bout de dix ans, une coll\u00e8gue m&rsquo;a inform\u00e9 que son mari travaillait pour une<br>commune qui cherchait un biblioth\u00e9caire. J&rsquo;ai r\u00e9dig\u00e9 et envoy\u00e9 un CV et j&rsquo;ai eu la chance<br>de tomber sur un directeur de structure qui cherchait quelqu&rsquo;un avec un parcours<br>professionnelle atypique pour le milieu.<br>C&rsquo;est ainsi que j&rsquo;ai d\u00e9but\u00e9 la derni\u00e8re partie de ma vie dans le monde du travail.<br>Le m\u00e9tier de biblioth\u00e9caire m&rsquo;a permis de mettre \u00e0 profit tout ce que j&rsquo;ai pu apprendre lors<br>de mon parcours professionnel. Quand je le regarde aujourd&rsquo;hui, je m&rsquo;aper\u00e7ois qu&rsquo;il n&rsquo;a pas<br>\u00e9t\u00e9 constitu\u00e9 de cassures et de redirections mais plut\u00f4t d&rsquo;une suite logique d&#8217;emplois qui<br>m&rsquo;ont permis de poss\u00e9der le savoir, l&rsquo;exp\u00e9rience et la maturit\u00e9 n\u00e9cessaire pour m&rsquo;exprimer<br>au mieux en tant que biblioth\u00e9caire. Je suis toujours aussi curieux et passionn\u00e9 par tout ce<br>que peux proposer le monde de la culture et je m&rsquo;efforce de le transmettre au quotidien \u00e0<br>nos lecteurs, que ce soit par les conseils, les discussions ou par la mise en place<br>d&rsquo;animations diverses et vari\u00e9es.<br>Je pense aujourd&rsquo;hui que je suis \u00e0 ma place. Bien s\u00fbr, le regret de ne pas \u00eatre du c\u00f4t\u00e9 de la<br>cr\u00e9ation existe encore mais m\u00eame \u00e0 mon petit niveau, je fais quand m\u00eame partie de la grande machine et j&rsquo;apporte au quotidien ma pierre \u00e0 l&rsquo;\u00e9difice de la transmission culturelle.<br>Ce n&rsquo;est peut-\u00eatre pas grand chose mais \u00e7a suffit \u00e0 mon bonheur professionnel.<\/p>\n\n\n\n<p class=\"has-text-align-right\">Julien<\/p>\n","protected":false},"excerpt":{"rendered":"<p>D&rsquo;aussi loin que je me souvienne, j&rsquo;ai toujours voulu travailler dans le milieu de la culture.Le cin\u00e9ma m&rsquo;a toujours attir\u00e9, la musique a toujours&#8230;<\/p>\n","protected":false},"author":18,"featured_media":199,"comment_status":"closed","ping_status":"open","sticky":false,"template":"","format":"standard","meta":{"advgb_blocks_editor_width":"","advgb_blocks_columns_visual_guide":"","footnotes":""},"categories":[7],"tags":[],"class_list":["post-264","post","type-post","status-publish","format-standard","has-post-thumbnail","hentry","category-multivers"],"author_meta":{"display_name":"claralu","author_link":"https:\/\/websites.artecom.studio\/dessine\/author\/claralu\/"},"featured_img":"https:\/\/websites.artecom.studio\/dessine\/wp-content\/uploads\/sites\/4\/2022\/04\/4-1-212x300.png","coauthors":[],"tax_additional":{"categories":{"linked":["<a href=\"https:\/\/websites.artecom.studio\/dessine\/category\/multivers\/\" class=\"advgb-post-tax-term\">Multivers<\/a>"],"unlinked":["<span class=\"advgb-post-tax-term\">Multivers<\/span>"]}},"comment_count":"0","relative_dates":{"created":"Publi\u00e9 4 ans il y a","modified":"Mis \u00e0 jour 4 ans il y a"},"absolute_dates":{"created":"Publi\u00e9 le 13 avril 2022","modified":"Mise \u00e0 jour le 20 avril 2022"},"absolute_dates_time":{"created":"Publi\u00e9 le 13 avril 2022 16h39","modified":"Mise \u00e0 jour le 20 avril 2022 12h37"},"featured_img_caption":"","series_order":"","_links":{"self":[{"href":"https:\/\/websites.artecom.studio\/dessine\/wp-json\/wp\/v2\/posts\/264","targetHints":{"allow":["GET"]}}],"collection":[{"href":"https:\/\/websites.artecom.studio\/dessine\/wp-json\/wp\/v2\/posts"}],"about":[{"href":"https:\/\/websites.artecom.studio\/dessine\/wp-json\/wp\/v2\/types\/post"}],"author":[{"embeddable":true,"href":"https:\/\/websites.artecom.studio\/dessine\/wp-json\/wp\/v2\/users\/18"}],"replies":[{"embeddable":true,"href":"https:\/\/websites.artecom.studio\/dessine\/wp-json\/wp\/v2\/comments?post=264"}],"version-history":[{"count":5,"href":"https:\/\/websites.artecom.studio\/dessine\/wp-json\/wp\/v2\/posts\/264\/revisions"}],"predecessor-version":[{"id":440,"href":"https:\/\/websites.artecom.studio\/dessine\/wp-json\/wp\/v2\/posts\/264\/revisions\/440"}],"wp:featuredmedia":[{"embeddable":true,"href":"https:\/\/websites.artecom.studio\/dessine\/wp-json\/wp\/v2\/media\/199"}],"wp:attachment":[{"href":"https:\/\/websites.artecom.studio\/dessine\/wp-json\/wp\/v2\/media?parent=264"}],"wp:term":[{"taxonomy":"category","embeddable":true,"href":"https:\/\/websites.artecom.studio\/dessine\/wp-json\/wp\/v2\/categories?post=264"},{"taxonomy":"post_tag","embeddable":true,"href":"https:\/\/websites.artecom.studio\/dessine\/wp-json\/wp\/v2\/tags?post=264"}],"curies":[{"name":"wp","href":"https:\/\/api.w.org\/{rel}","templated":true}]}}