{"id":465,"date":"2022-04-20T12:45:28","date_gmt":"2022-04-20T10:45:28","guid":{"rendered":"https:\/\/websites.artecom.studio\/dessine\/?p=465"},"modified":"2022-04-20T12:59:22","modified_gmt":"2022-04-20T10:59:22","slug":"note-dintention","status":"publish","type":"post","link":"https:\/\/websites.artecom.studio\/dessine\/note-dintention\/","title":{"rendered":"Note d&rsquo;intention"},"content":{"rendered":"\n<h2 class=\"has-text-align-center wp-block-heading\">DESSINE-MOI UNE VIE.<\/h2>\n\n\n\n<p><\/p>\n\n\n\n<p>Nous sommes huit \u00e9tudiantes en Licence de Communication et d&rsquo;Art du Spectacle. Nous avons entre 19 et 20 ans et r\u00e9alisons un site Internet et un Web documentaire sur les parcours de vie et sp\u00e9cifiquement centr\u00e9 autour de m\u00e9tiers plus ou moins atypiques.<br><\/p>\n\n\n\n<p>Notre choix de th\u00e8me a \u00e9t\u00e9 tout d&rsquo;abord pens\u00e9 pour mettre en lien l&rsquo;histoire d&rsquo;un cordonnier, Thomas, et d&rsquo;une drag queen, Mo\u00efra.<br>Par cette contrainte, notre r\u00e9flexion s&rsquo;est donc port\u00e9e sur la multitude des opportunit\u00e9s qui s&rsquo;offrent \u00e0 chacun, les pouvoirs que nous avons sur nos vies, justement. Le pouvoir de les changer du tout au tout, saisir ses opportunit\u00e9s, prendre des risques, s&rsquo;\u00e9couter, pour se comprendre en tant qu\u2019individu, pour se r\u00e9v\u00e9ler, pour s&rsquo;\u00e9panouir\u2026<\/p>\n\n\n\n<p>\u00c0 l&rsquo;\u00e2ge o\u00f9 nous commen\u00e7ons tout juste \u00e0 dessiner nos vies , nous voulons r\u00e9v\u00e9ler les diff\u00e9rents chemins des personnes que nous avons rencontr\u00e9es. C&rsquo;est \u00e9galement pour nous une fa\u00e7on de nous rassurer en \u00e9largissant les champs des possibles pour nos futures vies professionnelles. En exposant un panel de parcours de vies divers, l\u2019id\u00e9e est de montrer que tout est possible, qu\u2019il n\u2019y a pas qu\u2019une seule voie, pas qu\u2019un seul cursus classique.<br>Ainsi, nous souhaitons parler, dans le webdocumentaire, de personnes qui agissent sur leur environnement, qui font des choix, qui cr\u00e9ent leur univers, et c\u2019est d\u2019ailleurs par cette m\u00e9taphore que nous aimerions tenir notre propos.<br><\/p>\n\n\n\n<p>En effet, l\u2019id\u00e9e d\u2019un univers, d\u2019une galaxie et surtout l&rsquo;immensit\u00e9 qu\u2019elle \u00e9voque repr\u00e9sente selon nous pr\u00e9cis\u00e9ment la conception du choix d\u2019un m\u00e9tier que nous souhaitons proposer.<br>Ainsi, chaque personne repr\u00e9sentera sa plan\u00e8te, dans laquelle nous retrouverons, en plus d\u2019un petit portrait audiovisuel qui retrace l\u2019itin\u00e9raire de son m\u00e9tier, des \u00e9l\u00e9ments qui lui tiennent \u00e0 c\u0153ur : ses objets personnels, ses musiques favorites\u2026.<br>Nous souhaitons faire transpara\u00eetre la fa\u00e7on dont chacun, en agissant sur sa vie, agit sur le monde si celui-ci ne lui convient pas.<br><\/p>\n\n\n\n<p>Malgr\u00e9 un Webdoc et un site internet orient\u00e9 sur le fait d\u2019\u00eatre libre de choisir son m\u00e9tier et ses passions, nous tenons \u00e0 souligner que tout le monde n\u2019a pas cette opportunit\u00e9.<br>Ainsi nous souhaitons pr\u00e9senter notre Webdoc plut\u00f4t sous forme d\u2019espoir, comme une motivation \u00e0 r\u00eaver de son avenir, \u00e0 suivre ses propres choix sans prendre en compte les injonctions ext\u00e9rieures.<\/p>\n\n\n\n<p><br>Une drag queen, un cordonnier, une tatoueuse, un professeur de danse, un r\u00e9gisseur et un forgeron. Voil\u00e0 les m\u00e9tiers que nous retrouverons en tant que plan\u00e8te. Des m\u00e9tiers que nous percevons comme atypiques, unis par un savoir-faire et des passions, par leurs caract\u00e9ristiques artistiques et artisanales. Derri\u00e8re ces m\u00e9tiers, nous montrerons des personnalit\u00e9s singuli\u00e8res et des cheminements pluriels, de mani\u00e8re \u00e0 mettre en lumi\u00e8re le courage de cr\u00e9er leur propre parcours de vie sur mesure.<\/p>\n\n\n\n<p>Sur le site Internet, nous souhaitons traiter notre th\u00e8me de mani\u00e8re plus g\u00e9n\u00e9rale, pour traiter la part universelle des questionnements que posent les choix d\u2019un m\u00e9tier. Ainsi, nous nous int\u00e9resserons \u00e0 l\u2019essence m\u00eame de ce qu\u2019\u00e9voque le choix des m\u00e9tiers, les vocations, le r\u00eaves d\u00e9chus ou non, les ambitions et les chemins emprunt\u00e9s pour parvenir \u00e0 ses fins pour nos interview\u00e9s. Puis, moins centr\u00e9s sur des m\u00e9tiers que nous jugeons atypiques, ce sont les parcours divers des personnes que nous avons rencontr\u00e9es auxquels nous nous int\u00e9resserons : leurs reconversions et les diff\u00e9rents champs d\u2019activit\u00e9s parcourus ; les mani\u00e8res dont certains pensent et r\u00e9gissent leur vie professionnelle, entre les pr\u00e9 destinations et les passions d\u00e9velopp\u00e9es.<br><\/p>\n\n\n\n<p>Dans notre qu\u00eate de documentation sur les choix de vie \u00e0 dimension plus universelle, nous avons rencontr\u00e9 des personnes inspir\u00e9es par ce th\u00e8me et nous avons donc choisi de retranscrire leur exp\u00e9rience et leur ressenti. Pour ce faire, nous proposerons sur le site Internet des t\u00e9moignages \u00e9crits et audios, des ressources artistiques de personnes qui se sont pench\u00e9es sur ce th\u00e8me.<br><\/p>\n\n\n\n<p>Apr\u00e8s deux ann\u00e9es d\u2019\u00e9tudes sup\u00e9rieures, certaines d\u2019entre nous se sont d\u00e9couvert un attrait particulier pour l\u2019art du son et son traitement. Ainsi, nous avons fait le choix de consacrer une page de notre site internet \u00e0 de petits podcasts d\u2019une \u00e0 deux minutes, au format de faux micro trottoirs. Ce sont des personnes de notre entourage, dont nous connaissons d\u00e9j\u00e0 les projets et les parcours professionnels que nous entendrons. Il s\u2019agira de personnes de tous \u00e2ges et de tous genres qui r\u00e9pondront aux questions suivantes, selon leurs \u00e2ges : \u201c quels m\u00e9tiers avez-vous fait ou quels m\u00e9tiers aimeriez-vous faire\u201d et \u201cqu\u2019est-ce que repr\u00e9sente pour vous de choisir un m\u00e9tier et\/ou de changer de m\u00e9tier\u201d. Selon les parcours de vie et l&rsquo;avancement des projets des personnes interview\u00e9es, la discussion pourra s\u2019\u00e9largir \u00e0 des r\u00e9trospections sur leurs premi\u00e8res vocations, d\u00e9clin\u00e9es ou non.<br><\/p>\n\n\n\n<p>Dans un souci d&rsquo;inclusivit\u00e9, ces t\u00e9moignages audio seront \u00e9galement retranscrits \u00e0 l\u2019\u00e9crit.<br>L\u2019id\u00e9e dans ces t\u00e9moignages audios est de constituer un corpus de r\u00e9cits divers par \u00e2ges croissants. Il est important pour nous que ce soient les gens qui parlent de leurs exp\u00e9riences dans le but de les laisser libres dans leurs t\u00e9moignages. Notre r\u00f4le pour cette page sera plut\u00f4t celui de guide et moins celui de sc\u00e9nariste, nous serons l\u00e0 pour accompagner, rassurer et non pour intervenir dans les r\u00e9cits racont\u00e9s.<br>Sur cette m\u00eame page du site, nous souhaitons \u00e9galement apporter des t\u00e9moignages \u00e9crits. En effet, selon le profil des personnes, certaines \u00e9taient beaucoup plus \u00e0 l\u2019aise \u00e0 l\u2019\u00e9crit. Mettre en avant la qualit\u00e9 d\u2019\u00e9criture m\u00eal\u00e9e aux r\u00e9cits de vies mais \u00e9galement aux r\u00e9flexions personnelles \u00e0 ce sujet nous para\u00eet primordial. Une nouvelle fois, nous voulons laisser toute la libert\u00e9 possible \u00e0 nos \u00e9crivain.nes. Nous recueillerons des histoires \u00e9crites sous la forme d\u2019un journal personnel ou comme de petits essais selon la volont\u00e9 de chacun. L\u2019id\u00e9e est d&rsquo;accueillir ces t\u00e9moignages comme des traces d\u2019une r\u00e9flexion intime sur ce qui anime le c\u0153ur des gens dans leurs passions.<br>De plus, nous constituons un corpus d&rsquo;\u0153uvres plastiques, cin\u00e9matographiques, musicales et litt\u00e9raires qui traite \u00e9galement de notre th\u00e8me. Notre choix de la r\u00e9alisation de ce corpus a \u00e9t\u00e9 motiv\u00e9 par l\u2019intention de percevoir comment l\u2019id\u00e9e de choisir sa voie r\u00e9sonne \u00e0 travers le temps dans le monde de l\u2019Art.<br><\/p>\n\n\n\n<p>Pour ce qui est de nos choix graphiques pour illustrer notre propos, nous nous sommes pench\u00e9es sur une qualit\u00e9 graphique \u201cfait-mains\u201d, jusqu&rsquo;\u00e0 s&rsquo;inspirer et imiter les dessins d\u2019enfants. L\u2019enfance comme symbole d&rsquo;insouciance concernant les r\u00eaves imaginables et les limites qui se dessinent en grandissant nous paraissait tr\u00e8s pertinent \u00e0 utiliser. Ainsi, comme introduction \u00e0 notre webdocumentaire, nous r\u00e9aliserons une vid\u00e9o o\u00f9 des enfants nous d\u00e9criront \u00e0 l\u2019oral et en dessinant les m\u00e9tiers dans lesquels iels se projettent.<\/p>\n\n\n\n<p>De plus, cette symbolique de l\u2019innocence nous \u00e0 donc pouss\u00e9 \u00e0 imaginer une ambiance graphique dessin\u00e9e d&rsquo;abord au crayon sur du papier, pour correspondre \u00e0 une qualit\u00e9 manuelle ainsi qu\u2019\u00e0 l\u2019aquarelle pour toute la po\u00e9sie et la l\u00e9g\u00e8ret\u00e9 qu\u2019elle porte. Sur l\u2019enti\u00e8ret\u00e9 du site nous retrouverons donc tout l\u2019imaginaire de l\u2019espace, qui correspond \u00e0 la m\u00e9taphore que nous avons choisie : des com\u00e8tes, des \u00e9toiles, petites et grandes, des plan\u00e8tes\u2026 et le tout sur un th\u00e8me bleu nuit.<br>Pour se d\u00e9placer de plan\u00e8tes en plan\u00e8tes, nous avons imagin\u00e9 un personnage qui n\u2019est pas un humain, agenre et sans \u00e2ge attribuable. Ce petit personnage appara\u00eet \u00e0 la fin de la vid\u00e9o introductive au webdocumentaire, comme une transition vers l\u2019univers des plan\u00e8tes interactives. Une fois dans la page principale, ce petit personnage est au service du spectateur, qui pourra, \u00e0 son gr\u00e9, la poser sur chaque plan\u00e8te pour d\u00e9couvrir le d\u00e9tail du r\u00e9cit des personnes aux m\u00e9tiers atypiques.<\/p>\n\n\n\n<p><br>Nous sommes huit \u00e9tudiantes en Licence de Communication et d&rsquo;Art du Spectacle.<br>Nous avons entre 19 et 20 ans et esp\u00e9rons que notre travail vous inspirera autant que toutes les personnes que nous avons rencontr\u00e9es pour ce projet l&rsquo;ont fait pour nous.<\/p>\n","protected":false},"excerpt":{"rendered":"<p>DESSINE-MOI UNE VIE. Nous sommes huit \u00e9tudiantes en Licence de Communication et d&rsquo;Art du Spectacle. Nous avons entre 19 et 20 ans et r\u00e9alisons&#8230;<\/p>\n","protected":false},"author":12,"featured_media":0,"comment_status":"closed","ping_status":"closed","sticky":false,"template":"","format":"standard","meta":{"advgb_blocks_editor_width":"","advgb_blocks_columns_visual_guide":"","footnotes":""},"categories":[1],"tags":[],"class_list":["post-465","post","type-post","status-publish","format-standard","hentry","category-non-classe"],"author_meta":{"display_name":"jade","author_link":"https:\/\/websites.artecom.studio\/dessine\/author\/jade\/"},"featured_img":null,"coauthors":[],"tax_additional":{"categories":{"linked":["<a href=\"https:\/\/websites.artecom.studio\/dessine\/category\/non-classe\/\" class=\"advgb-post-tax-term\">Non class\u00e9<\/a>"],"unlinked":["<span class=\"advgb-post-tax-term\">Non class\u00e9<\/span>"]}},"comment_count":"0","relative_dates":{"created":"Publi\u00e9 4 ans il y a","modified":"Mis \u00e0 jour 4 ans il y a"},"absolute_dates":{"created":"Publi\u00e9 le 20 avril 2022","modified":"Mise \u00e0 jour le 20 avril 2022"},"absolute_dates_time":{"created":"Publi\u00e9 le 20 avril 2022 12h45","modified":"Mise \u00e0 jour le 20 avril 2022 12h59"},"featured_img_caption":"","series_order":"","_links":{"self":[{"href":"https:\/\/websites.artecom.studio\/dessine\/wp-json\/wp\/v2\/posts\/465","targetHints":{"allow":["GET"]}}],"collection":[{"href":"https:\/\/websites.artecom.studio\/dessine\/wp-json\/wp\/v2\/posts"}],"about":[{"href":"https:\/\/websites.artecom.studio\/dessine\/wp-json\/wp\/v2\/types\/post"}],"author":[{"embeddable":true,"href":"https:\/\/websites.artecom.studio\/dessine\/wp-json\/wp\/v2\/users\/12"}],"replies":[{"embeddable":true,"href":"https:\/\/websites.artecom.studio\/dessine\/wp-json\/wp\/v2\/comments?post=465"}],"version-history":[{"count":4,"href":"https:\/\/websites.artecom.studio\/dessine\/wp-json\/wp\/v2\/posts\/465\/revisions"}],"predecessor-version":[{"id":505,"href":"https:\/\/websites.artecom.studio\/dessine\/wp-json\/wp\/v2\/posts\/465\/revisions\/505"}],"wp:attachment":[{"href":"https:\/\/websites.artecom.studio\/dessine\/wp-json\/wp\/v2\/media?parent=465"}],"wp:term":[{"taxonomy":"category","embeddable":true,"href":"https:\/\/websites.artecom.studio\/dessine\/wp-json\/wp\/v2\/categories?post=465"},{"taxonomy":"post_tag","embeddable":true,"href":"https:\/\/websites.artecom.studio\/dessine\/wp-json\/wp\/v2\/tags?post=465"}],"curies":[{"name":"wp","href":"https:\/\/api.w.org\/{rel}","templated":true}]}}