{"id":517,"date":"2022-04-20T13:14:42","date_gmt":"2022-04-20T11:14:42","guid":{"rendered":"https:\/\/websites.artecom.studio\/dessine\/?p=517"},"modified":"2022-04-20T13:16:32","modified_gmt":"2022-04-20T11:16:32","slug":"sidonie","status":"publish","type":"post","link":"https:\/\/websites.artecom.studio\/dessine\/sidonie\/","title":{"rendered":"Sidonie"},"content":{"rendered":"\n<p>Depuis 6 ans maintenant on me demande et je me questionne : qu&rsquo;est ce que tu veux faire de ta vie ?&nbsp;<\/p>\n\n\n\n<p>Si cette question est d&rsquo;abord purement professionnelle, mes r\u00e9flexions m&rsquo;ont men\u00e9e \u00e0 consid\u00e9rer ce choix comme li\u00e9 \u00e0 des enjeux quelque peu plus profonds.<\/p>\n\n\n\n<p>Une voie \u00e0 prendre, quelque soit la raison pour laquelle elle est prise &#8211; raison, passion, opportunit\u00e9, etc\u2026 &#8211; reste un choix conscient, r\u00e9fl\u00e9chi. Un choix \u00e0 mettre en relation, intime ou distante, avec tous les autres choix personnels que l&rsquo;on prend et qui nous forgent.&nbsp;<\/p>\n\n\n\n<p>Ce sont donc \u00e0 la fois le caract\u00e8re existentiel de ces choix et la difficult\u00e9 que j\u2019\u00e9prouve moi-m\u00eame \u00e0 les faire qui m\u2019ont port\u00e9 tout au long de ce projet.&nbsp;<\/p>\n\n\n\n<p>En d\u00e9couvrant, recherchant et partageant tous ces parcours, toutes ces possibilit\u00e9s, toute cette libert\u00e9 mais aussi, parfois, tous ces compromis, j\u2019ai pu observer la diversit\u00e9 avec laquelle le parcours professionnel peut prendre forme dans le parcours personnel de chacun.&nbsp;<\/p>\n","protected":false},"excerpt":{"rendered":"<p>Depuis 6 ans maintenant on me demande et je me questionne : qu&rsquo;est ce que tu veux faire de ta vie ?&nbsp; Si cette&#8230;<\/p>\n","protected":false},"author":12,"featured_media":159,"comment_status":"closed","ping_status":"","sticky":false,"template":"","format":"standard","meta":{"advgb_blocks_editor_width":"","advgb_blocks_columns_visual_guide":"","footnotes":""},"categories":[9],"tags":[],"class_list":["post-517","post","type-post","status-publish","format-standard","has-post-thumbnail","hentry","category-notre-univers"],"author_meta":{"display_name":"jade","author_link":"https:\/\/websites.artecom.studio\/dessine\/author\/jade\/"},"featured_img":"https:\/\/websites.artecom.studio\/dessine\/wp-content\/uploads\/sites\/4\/2022\/04\/maquette-flo-5-300x63.png","coauthors":[],"tax_additional":{"categories":{"linked":["<a href=\"https:\/\/websites.artecom.studio\/dessine\/category\/notre-univers\/\" class=\"advgb-post-tax-term\">Notre univers<\/a>"],"unlinked":["<span class=\"advgb-post-tax-term\">Notre univers<\/span>"]}},"comment_count":"0","relative_dates":{"created":"Publi\u00e9 4 ans il y a","modified":"Mis \u00e0 jour 4 ans il y a"},"absolute_dates":{"created":"Publi\u00e9 le 20 avril 2022","modified":"Mise \u00e0 jour le 20 avril 2022"},"absolute_dates_time":{"created":"Publi\u00e9 le 20 avril 2022 13h14","modified":"Mise \u00e0 jour le 20 avril 2022 13h16"},"featured_img_caption":"","series_order":"","_links":{"self":[{"href":"https:\/\/websites.artecom.studio\/dessine\/wp-json\/wp\/v2\/posts\/517","targetHints":{"allow":["GET"]}}],"collection":[{"href":"https:\/\/websites.artecom.studio\/dessine\/wp-json\/wp\/v2\/posts"}],"about":[{"href":"https:\/\/websites.artecom.studio\/dessine\/wp-json\/wp\/v2\/types\/post"}],"author":[{"embeddable":true,"href":"https:\/\/websites.artecom.studio\/dessine\/wp-json\/wp\/v2\/users\/12"}],"replies":[{"embeddable":true,"href":"https:\/\/websites.artecom.studio\/dessine\/wp-json\/wp\/v2\/comments?post=517"}],"version-history":[{"count":1,"href":"https:\/\/websites.artecom.studio\/dessine\/wp-json\/wp\/v2\/posts\/517\/revisions"}],"predecessor-version":[{"id":519,"href":"https:\/\/websites.artecom.studio\/dessine\/wp-json\/wp\/v2\/posts\/517\/revisions\/519"}],"wp:featuredmedia":[{"embeddable":true,"href":"https:\/\/websites.artecom.studio\/dessine\/wp-json\/wp\/v2\/media\/159"}],"wp:attachment":[{"href":"https:\/\/websites.artecom.studio\/dessine\/wp-json\/wp\/v2\/media?parent=517"}],"wp:term":[{"taxonomy":"category","embeddable":true,"href":"https:\/\/websites.artecom.studio\/dessine\/wp-json\/wp\/v2\/categories?post=517"},{"taxonomy":"post_tag","embeddable":true,"href":"https:\/\/websites.artecom.studio\/dessine\/wp-json\/wp\/v2\/tags?post=517"}],"curies":[{"name":"wp","href":"https:\/\/api.w.org\/{rel}","templated":true}]}}