{"id":528,"date":"2022-04-20T13:19:26","date_gmt":"2022-04-20T11:19:26","guid":{"rendered":"https:\/\/websites.artecom.studio\/dessine\/?p=528"},"modified":"2022-05-10T01:09:14","modified_gmt":"2022-05-09T23:09:14","slug":"ange","status":"publish","type":"post","link":"https:\/\/websites.artecom.studio\/dessine\/ange\/","title":{"rendered":"Ange"},"content":{"rendered":"\n<p>Depuis l\u2019enfance on nous pr\u00e9pare \u00e0 choisir un m\u00e9tier pour notre avenir, depuis l\u2019enfance on nous dit que l\u2019on \u00e9tudie pour le m\u00e9tier que l\u2019on fera plus tard, depuis l\u2019enfance on nous dit que ce m\u00e9tier sera l\u2019essentiel de notre vie. Mais m\u00e9tier est toujours \u00e9crit au singulier, pourtant qui n\u2019a jamais voulu autant \u00eatre autant danseur, que v\u00e9t\u00e9rinaire, qu\u2019astronaute ou encore p\u00e2tissier ? Qui n\u2019a jamais voulu faire 3 m\u00e9tiers en m\u00eame temps ou m\u00eame ne jamais travailler ?<\/p>\n\n\n\n<p>Pourtant tellement d\u2019exemples autour de nous nous montre l\u2019inverse, que changer en cours de route son m\u00e9tier pour construire une carri\u00e8re dans un autre domaine ou m\u00eame pour s\u2019investir dans une passion, ce n\u2019est pas une fin en soi.&nbsp;<\/p>\n\n\n\n<p>J\u2019ai toujours eu beaucoup de mal \u00e0 rechercher mon futur m\u00e9tier comme nos maitres et maitresses nous le demandaient d\u00e8s l\u2019\u00e9cole primaire, alors j\u2019ai test\u00e9 toutes sortes de loisirs pour \u00eatre certaine de ne pas passer \u00e0 c\u00f4t\u00e9 de mon avenir, passant du dessin \u00e0 l\u2019\u00e9quitation, des cours d\u2019arch\u00e9ologie au cours de jardinerie\u2026<\/p>\n\n\n\n<p>Alors, trouver sa voix oui mais sans aiguillage non.&nbsp;<\/p>\n\n\n\n<p>Pour moi chacun devrait pouvoir prendre le temps qu\u2019il lui faut pour se conna\u00eetre, pour d\u00e9couvrir ce qui l\u2019anime peu importe sa classe sociale, son genre, peu importe la multiplicit\u00e9 de ses go\u00fbts !&nbsp;<\/p>\n","protected":false},"excerpt":{"rendered":"<p>Depuis l\u2019enfance on nous pr\u00e9pare \u00e0 choisir un m\u00e9tier pour notre avenir, depuis l\u2019enfance on nous dit que l\u2019on \u00e9tudie pour le m\u00e9tier que&#8230;<\/p>\n","protected":false},"author":12,"featured_media":154,"comment_status":"closed","ping_status":"","sticky":false,"template":"","format":"standard","meta":{"advgb_blocks_editor_width":"","advgb_blocks_columns_visual_guide":"","footnotes":""},"categories":[9],"tags":[],"class_list":["post-528","post","type-post","status-publish","format-standard","has-post-thumbnail","hentry","category-notre-univers"],"author_meta":{"display_name":"jade","author_link":"https:\/\/websites.artecom.studio\/dessine\/author\/jade\/"},"featured_img":"https:\/\/websites.artecom.studio\/dessine\/wp-content\/uploads\/sites\/4\/2022\/04\/maquette-flo-3-300x63.png","coauthors":[],"tax_additional":{"categories":{"linked":["<a href=\"https:\/\/websites.artecom.studio\/dessine\/category\/notre-univers\/\" class=\"advgb-post-tax-term\">Notre univers<\/a>"],"unlinked":["<span class=\"advgb-post-tax-term\">Notre univers<\/span>"]}},"comment_count":"0","relative_dates":{"created":"Publi\u00e9 4 ans il y a","modified":"Mis \u00e0 jour 4 ans il y a"},"absolute_dates":{"created":"Publi\u00e9 le 20 avril 2022","modified":"Mise \u00e0 jour le 10 mai 2022"},"absolute_dates_time":{"created":"Publi\u00e9 le 20 avril 2022 13h19","modified":"Mise \u00e0 jour le 10 mai 2022 1h09"},"featured_img_caption":"","series_order":"","_links":{"self":[{"href":"https:\/\/websites.artecom.studio\/dessine\/wp-json\/wp\/v2\/posts\/528","targetHints":{"allow":["GET"]}}],"collection":[{"href":"https:\/\/websites.artecom.studio\/dessine\/wp-json\/wp\/v2\/posts"}],"about":[{"href":"https:\/\/websites.artecom.studio\/dessine\/wp-json\/wp\/v2\/types\/post"}],"author":[{"embeddable":true,"href":"https:\/\/websites.artecom.studio\/dessine\/wp-json\/wp\/v2\/users\/12"}],"replies":[{"embeddable":true,"href":"https:\/\/websites.artecom.studio\/dessine\/wp-json\/wp\/v2\/comments?post=528"}],"version-history":[{"count":3,"href":"https:\/\/websites.artecom.studio\/dessine\/wp-json\/wp\/v2\/posts\/528\/revisions"}],"predecessor-version":[{"id":627,"href":"https:\/\/websites.artecom.studio\/dessine\/wp-json\/wp\/v2\/posts\/528\/revisions\/627"}],"wp:featuredmedia":[{"embeddable":true,"href":"https:\/\/websites.artecom.studio\/dessine\/wp-json\/wp\/v2\/media\/154"}],"wp:attachment":[{"href":"https:\/\/websites.artecom.studio\/dessine\/wp-json\/wp\/v2\/media?parent=528"}],"wp:term":[{"taxonomy":"category","embeddable":true,"href":"https:\/\/websites.artecom.studio\/dessine\/wp-json\/wp\/v2\/categories?post=528"},{"taxonomy":"post_tag","embeddable":true,"href":"https:\/\/websites.artecom.studio\/dessine\/wp-json\/wp\/v2\/tags?post=528"}],"curies":[{"name":"wp","href":"https:\/\/api.w.org\/{rel}","templated":true}]}}