{"id":599,"date":"2022-04-26T11:20:30","date_gmt":"2022-04-26T09:20:30","guid":{"rendered":"https:\/\/websites.artecom.studio\/dessine\/?p=599"},"modified":"2022-04-26T11:20:30","modified_gmt":"2022-04-26T09:20:30","slug":"clara","status":"publish","type":"post","link":"https:\/\/websites.artecom.studio\/dessine\/clara\/","title":{"rendered":"Clara"},"content":{"rendered":"\n<p>Nos choix sont des chemins.<\/p>\n\n\n\n<p>Chacun d\u2019eux est empruntable.<\/p>\n\n\n\n<p>Certains sont envahis par des ronces;<\/p>\n\n\n\n<p>d&rsquo;autres sont travers\u00e9s par une rivi\u00e8re.<\/p>\n\n\n\n<p>Parfois le chemin est seulement \u00e0 l&rsquo;ombre;<\/p>\n\n\n\n<p>ou bien des fleurs y poussent en grand nombre.<\/p>\n\n\n\n<p>J&rsquo;ai eu la chance de toujours avoir le choix et je souhaite au cours de ma vie pouvoir donner aux autres la possibilit\u00e9 de choisir leur chemin.&nbsp;<\/p>\n\n\n\n<p>Mais il arrive que ces choix soient restreints ou inatteignables bien que toute la motivation du monde soit pr\u00e9sente. Ici je parle d&rsquo;in\u00e9galit\u00e9s, de pauvret\u00e9, de discriminations, de violences et de toutes ces choses qui font que de nombreuses personnes ne sont pas \u00e9panouies et ne font que survivre parmi les autres. Celles-ci n&rsquo;ont pas pu choisir leur voie et se sont perdues dans un labyrinthe de chemins sombres. La n\u00e9cessit\u00e9 de se battre pour d\u00e9livrer ces prisonniers doit devenir primordiale, chacun a le pouvoir d&rsquo;\u00e9clairer un petit bout de chemin.<\/p>\n","protected":false},"excerpt":{"rendered":"<p>Nos choix sont des chemins. Chacun d\u2019eux est empruntable. Certains sont envahis par des ronces; d&rsquo;autres sont travers\u00e9s par une rivi\u00e8re. Parfois le chemin&#8230;<\/p>\n","protected":false},"author":18,"featured_media":0,"comment_status":"closed","ping_status":"","sticky":false,"template":"","format":"standard","meta":{"advgb_blocks_editor_width":"","advgb_blocks_columns_visual_guide":"","footnotes":""},"categories":[9],"tags":[],"class_list":["post-599","post","type-post","status-publish","format-standard","hentry","category-notre-univers"],"author_meta":{"display_name":"claralu","author_link":"https:\/\/websites.artecom.studio\/dessine\/author\/claralu\/"},"featured_img":null,"coauthors":[],"tax_additional":{"categories":{"linked":["<a href=\"https:\/\/websites.artecom.studio\/dessine\/category\/notre-univers\/\" class=\"advgb-post-tax-term\">Notre univers<\/a>"],"unlinked":["<span class=\"advgb-post-tax-term\">Notre univers<\/span>"]}},"comment_count":"0","relative_dates":{"created":"Publi\u00e9 4 ans il y a","modified":"Mis \u00e0 jour 4 ans il y a"},"absolute_dates":{"created":"Publi\u00e9 le 26 avril 2022","modified":"Mise \u00e0 jour le 26 avril 2022"},"absolute_dates_time":{"created":"Publi\u00e9 le 26 avril 2022 11h20","modified":"Mise \u00e0 jour le 26 avril 2022 11h20"},"featured_img_caption":"","series_order":"","_links":{"self":[{"href":"https:\/\/websites.artecom.studio\/dessine\/wp-json\/wp\/v2\/posts\/599","targetHints":{"allow":["GET"]}}],"collection":[{"href":"https:\/\/websites.artecom.studio\/dessine\/wp-json\/wp\/v2\/posts"}],"about":[{"href":"https:\/\/websites.artecom.studio\/dessine\/wp-json\/wp\/v2\/types\/post"}],"author":[{"embeddable":true,"href":"https:\/\/websites.artecom.studio\/dessine\/wp-json\/wp\/v2\/users\/18"}],"replies":[{"embeddable":true,"href":"https:\/\/websites.artecom.studio\/dessine\/wp-json\/wp\/v2\/comments?post=599"}],"version-history":[{"count":1,"href":"https:\/\/websites.artecom.studio\/dessine\/wp-json\/wp\/v2\/posts\/599\/revisions"}],"predecessor-version":[{"id":600,"href":"https:\/\/websites.artecom.studio\/dessine\/wp-json\/wp\/v2\/posts\/599\/revisions\/600"}],"wp:attachment":[{"href":"https:\/\/websites.artecom.studio\/dessine\/wp-json\/wp\/v2\/media?parent=599"}],"wp:term":[{"taxonomy":"category","embeddable":true,"href":"https:\/\/websites.artecom.studio\/dessine\/wp-json\/wp\/v2\/categories?post=599"},{"taxonomy":"post_tag","embeddable":true,"href":"https:\/\/websites.artecom.studio\/dessine\/wp-json\/wp\/v2\/tags?post=599"}],"curies":[{"name":"wp","href":"https:\/\/api.w.org\/{rel}","templated":true}]}}