{"id":607,"date":"2022-05-01T23:00:49","date_gmt":"2022-05-01T21:00:49","guid":{"rendered":"https:\/\/websites.artecom.studio\/dessine\/?p=607"},"modified":"2022-05-01T23:00:49","modified_gmt":"2022-05-01T21:00:49","slug":"continuer-a-partager-pleins-de-choses","status":"publish","type":"post","link":"https:\/\/websites.artecom.studio\/dessine\/continuer-a-partager-pleins-de-choses\/","title":{"rendered":"Continuer \u00e0 partager pleins de choses"},"content":{"rendered":"\n<p>Je suis fleuriste depuis le mois de juin donc cela fait quelques mois, m\u00eame pas un an. Avant cela, j&rsquo;\u00e9tais aide soignante durant une dizaine d\u2019ann\u00e9es\u2026 une quinzaine d\u2019ann\u00e9es m\u00eame.&nbsp;<\/p>\n\n\n\n<p>Je trouve que c\u2019est un soin diff\u00e9rent de prendre soin des fleurs, des plantes et ensuite d&rsquo;\u00e9gayer un peu la vie de chacun. Je pense que cela rejoint un peu mon ancien m\u00e9tier, mon ancienne vocation.&nbsp;<\/p>\n\n\n\n<p>Oui, un fil conducteur, parce que cela a toujours \u00e9t\u00e9 pour moi <em>\u201ccr\u00e9atif\u201d<\/em> : le fait de travailler, de construire des projets avec des patients. J\u2019essay\u00e9 de le faire beaucoup de mani\u00e8re disons un peu onirique et cr\u00e9ative et j\u2019essaye aussi d\u2019apprendre et de continuer de le faire dans mon m\u00e9tier actuel de fleuriste.&nbsp;<\/p>\n\n\n\n<p>Pour moi c\u2019est une \u00e9volution de changer, de d\u00e9couvrir d\u2019autres milieux.&nbsp;<\/p>\n\n\n\n<p>Voil\u00e0 j\u2019ai plein de choses en moi que j\u2019ai envie de continuer \u00e0 d\u00e9velopper et, le fait de travailler dans des milieux diff\u00e9rents permet aussi de d\u00e9velopper les choses diff\u00e9remment. Personnellement, j\u2019ai besoin de \u00e7a pour m\u2019enrichir, grandir et continuer \u00e0 partager pleins de choses.&nbsp;<\/p>\n","protected":false},"excerpt":{"rendered":"<p>Je suis fleuriste depuis le mois de juin donc cela fait quelques mois, m\u00eame pas un an. Avant cela, j&rsquo;\u00e9tais aide soignante durant une&#8230;<\/p>\n","protected":false},"author":12,"featured_media":0,"comment_status":"closed","ping_status":"","sticky":false,"template":"","format":"standard","meta":{"advgb_blocks_editor_width":"","advgb_blocks_columns_visual_guide":"","footnotes":""},"categories":[1],"tags":[],"class_list":["post-607","post","type-post","status-publish","format-standard","hentry","category-non-classe"],"author_meta":{"display_name":"jade","author_link":"https:\/\/websites.artecom.studio\/dessine\/author\/jade\/"},"featured_img":null,"coauthors":[],"tax_additional":{"categories":{"linked":["<a href=\"https:\/\/websites.artecom.studio\/dessine\/category\/non-classe\/\" class=\"advgb-post-tax-term\">Non class\u00e9<\/a>"],"unlinked":["<span class=\"advgb-post-tax-term\">Non class\u00e9<\/span>"]}},"comment_count":"0","relative_dates":{"created":"Publi\u00e9 4 ans il y a","modified":"Mis \u00e0 jour 4 ans il y a"},"absolute_dates":{"created":"Publi\u00e9 le 1 mai 2022","modified":"Mise \u00e0 jour le 1 mai 2022"},"absolute_dates_time":{"created":"Publi\u00e9 le 1 mai 2022 23h00","modified":"Mise \u00e0 jour le 1 mai 2022 23h00"},"featured_img_caption":"","series_order":"","_links":{"self":[{"href":"https:\/\/websites.artecom.studio\/dessine\/wp-json\/wp\/v2\/posts\/607","targetHints":{"allow":["GET"]}}],"collection":[{"href":"https:\/\/websites.artecom.studio\/dessine\/wp-json\/wp\/v2\/posts"}],"about":[{"href":"https:\/\/websites.artecom.studio\/dessine\/wp-json\/wp\/v2\/types\/post"}],"author":[{"embeddable":true,"href":"https:\/\/websites.artecom.studio\/dessine\/wp-json\/wp\/v2\/users\/12"}],"replies":[{"embeddable":true,"href":"https:\/\/websites.artecom.studio\/dessine\/wp-json\/wp\/v2\/comments?post=607"}],"version-history":[{"count":1,"href":"https:\/\/websites.artecom.studio\/dessine\/wp-json\/wp\/v2\/posts\/607\/revisions"}],"predecessor-version":[{"id":608,"href":"https:\/\/websites.artecom.studio\/dessine\/wp-json\/wp\/v2\/posts\/607\/revisions\/608"}],"wp:attachment":[{"href":"https:\/\/websites.artecom.studio\/dessine\/wp-json\/wp\/v2\/media?parent=607"}],"wp:term":[{"taxonomy":"category","embeddable":true,"href":"https:\/\/websites.artecom.studio\/dessine\/wp-json\/wp\/v2\/categories?post=607"},{"taxonomy":"post_tag","embeddable":true,"href":"https:\/\/websites.artecom.studio\/dessine\/wp-json\/wp\/v2\/tags?post=607"}],"curies":[{"name":"wp","href":"https:\/\/api.w.org\/{rel}","templated":true}]}}