{"id":614,"date":"2022-05-01T23:06:15","date_gmt":"2022-05-01T21:06:15","guid":{"rendered":"https:\/\/websites.artecom.studio\/dessine\/?p=614"},"modified":"2022-05-01T23:06:15","modified_gmt":"2022-05-01T21:06:15","slug":"quand-jetait-petit-je-voulais-etre","status":"publish","type":"post","link":"https:\/\/websites.artecom.studio\/dessine\/quand-jetait-petit-je-voulais-etre\/","title":{"rendered":"Quand j&rsquo;\u00e9tait petit je voulais \u00eatre&#8230;"},"content":{"rendered":"\n<p>J\u2019ai commenc\u00e9 ma putain de carri\u00e8re profesionnelle en \u00e9tant comptable dans une entreprise mais cela n\u2019a dur\u00e9 qu\u2019un an, un an et demi parce que ce n\u2019\u00e9tait vraiment pas mon truc.&nbsp;<\/p>\n\n\n\n<p>Apr\u00e8s, par contre, pendant quinze ans j\u2019ai \u00e9t\u00e9 professeur, jusqu&rsquo;\u00e0 \u00eatre titulaire m\u00eame. J\u2019ai enseign\u00e9 en coll\u00e8ge et en lyc\u00e9e professionnel.&nbsp;<\/p>\n\n\n\n<p>Ensuite, j\u2019ai \u00e9t\u00e9 d\u00e9pressif professionnel pendant quelques ann\u00e9es. Puis, j\u2019ai pass\u00e9 le concours d\u2019\u00e9ducateur sp\u00e9cialis\u00e9 mais je n\u2019ai pas pr\u00e9sent\u00e9 le dipl\u00f4me. En revanche, pendant cinq ans on va dire, j\u2019ai \u00e9t\u00e9 \u00e9ducateur sp\u00e9cialis\u00e9 aupr\u00e8s de SDF, aupr\u00e8s de personnes \u00e2g\u00e9es et de personnes handicap\u00e9es. Mais comme j&rsquo;\u00e9tais rempla\u00e7ant et n\u2019\u00e9tant pas dipl\u00f4m\u00e9, cela s\u2019est arr\u00eat\u00e9. C\u2019est l\u00e0 que je me suis dit \u201ctu vas essayer l\u2019aide \u00e0 la personne\u201d. C&rsquo;est-\u00e0-dire que j&rsquo;ai travaill\u00e9 pour une association toulousaine importante. Et c\u2019est une association, j&rsquo;insiste, ce n\u2019est pas une entreprise parce que je consid\u00e8re que ce secteur ne devrait pas \u00eatre \u00e0 but lucratif.&nbsp;<\/p>\n\n\n\n<p>Il est vrai que, depuis toujours, quand j&rsquo;\u00e9tais petit, je voulais \u00eatre soit architecte soit psychologue. Et donc, finalement, j\u2019ai \u00e9t\u00e9 professeur, puis \u00e9ducateur et puis j\u2019ai travaill\u00e9 dans l\u2019aide \u00e0 la personne. Il y a une ligne.&nbsp;<\/p>\n\n\n\n<p>J\u2019ai cette chance d\u2019avoir pu suivre cette ligne. C\u2019est un privil\u00e8ge aujourd\u2019hui. Cela ne devrait pas en \u00eatre un parce qu&rsquo;il se trouve que je n&rsquo;ai jamais eu ni faim, ni froid et que j\u2019ai toujours pu choisir tout cela, ces voies-l\u00e0. H\u00e9las, c\u2019est une chance parce que cela devrait \u00eatre la possibilit\u00e9 offerte au plus grand nombre.&nbsp;<\/p>\n\n\n\n<p>Je gagne actuellement, p\u00e9niblement, le smic mais je m\u2019en fout parce que je n\u2019ai pas de soucis de logement donc je suis un privil\u00e9gi\u00e9. Je trouve \u00e7a honteux ; parce que l\u2019on produit suffisamment de richesses pour que personne n&rsquo;ait faim, pour que personne n&rsquo;ait froid, pour que l\u2019on partage le temps de travail et que l\u2019on partage les richesses produites. Voil\u00e0, je suis fondamentalement gauchiste mais j\u2019avoue humblement, que je suis ce que l&rsquo;on appelle un r\u00e9volutionnaire de salon. Mes id\u00e9es, elles sont l\u00e0, et je trouve que consid\u00e9rer que je suis un privil\u00e9gi\u00e9 c\u2019est honteux aujourd\u2019hui en 2022.&nbsp;<\/p>\n\n\n\n<p>Cela m&rsquo;a fait rencontrer des personnes que je n&rsquo;aurais jamais rencontr\u00e9es. Cela m\u2019a fait aborder des situations que je n&rsquo;aurais jamais imagin\u00e9es si ce n\u2019est au cin\u00e9ma. Or, la r\u00e9alit\u00e9 est toujours plus forte que la fiction, et oui vraiment, c&rsquo;est une grande chance que j\u2019ai eu de rencontrer tous ces gens.&nbsp;<\/p>\n","protected":false},"excerpt":{"rendered":"<p>J\u2019ai commenc\u00e9 ma putain de carri\u00e8re profesionnelle en \u00e9tant comptable dans une entreprise mais cela n\u2019a dur\u00e9 qu\u2019un an, un an et demi parce&#8230;<\/p>\n","protected":false},"author":12,"featured_media":0,"comment_status":"closed","ping_status":"","sticky":false,"template":"","format":"standard","meta":{"advgb_blocks_editor_width":"","advgb_blocks_columns_visual_guide":"","footnotes":""},"categories":[1],"tags":[],"class_list":["post-614","post","type-post","status-publish","format-standard","hentry","category-non-classe"],"author_meta":{"display_name":"jade","author_link":"https:\/\/websites.artecom.studio\/dessine\/author\/jade\/"},"featured_img":null,"coauthors":[],"tax_additional":{"categories":{"linked":["<a href=\"https:\/\/websites.artecom.studio\/dessine\/category\/non-classe\/\" class=\"advgb-post-tax-term\">Non class\u00e9<\/a>"],"unlinked":["<span class=\"advgb-post-tax-term\">Non class\u00e9<\/span>"]}},"comment_count":"0","relative_dates":{"created":"Publi\u00e9 4 ans il y a","modified":"Mis \u00e0 jour 4 ans il y a"},"absolute_dates":{"created":"Publi\u00e9 le 1 mai 2022","modified":"Mise \u00e0 jour le 1 mai 2022"},"absolute_dates_time":{"created":"Publi\u00e9 le 1 mai 2022 23h06","modified":"Mise \u00e0 jour le 1 mai 2022 23h06"},"featured_img_caption":"","series_order":"","_links":{"self":[{"href":"https:\/\/websites.artecom.studio\/dessine\/wp-json\/wp\/v2\/posts\/614","targetHints":{"allow":["GET"]}}],"collection":[{"href":"https:\/\/websites.artecom.studio\/dessine\/wp-json\/wp\/v2\/posts"}],"about":[{"href":"https:\/\/websites.artecom.studio\/dessine\/wp-json\/wp\/v2\/types\/post"}],"author":[{"embeddable":true,"href":"https:\/\/websites.artecom.studio\/dessine\/wp-json\/wp\/v2\/users\/12"}],"replies":[{"embeddable":true,"href":"https:\/\/websites.artecom.studio\/dessine\/wp-json\/wp\/v2\/comments?post=614"}],"version-history":[{"count":1,"href":"https:\/\/websites.artecom.studio\/dessine\/wp-json\/wp\/v2\/posts\/614\/revisions"}],"predecessor-version":[{"id":615,"href":"https:\/\/websites.artecom.studio\/dessine\/wp-json\/wp\/v2\/posts\/614\/revisions\/615"}],"wp:attachment":[{"href":"https:\/\/websites.artecom.studio\/dessine\/wp-json\/wp\/v2\/media?parent=614"}],"wp:term":[{"taxonomy":"category","embeddable":true,"href":"https:\/\/websites.artecom.studio\/dessine\/wp-json\/wp\/v2\/categories?post=614"},{"taxonomy":"post_tag","embeddable":true,"href":"https:\/\/websites.artecom.studio\/dessine\/wp-json\/wp\/v2\/tags?post=614"}],"curies":[{"name":"wp","href":"https:\/\/api.w.org\/{rel}","templated":true}]}}