{"id":616,"date":"2022-05-01T23:21:17","date_gmt":"2022-05-01T21:21:17","guid":{"rendered":"https:\/\/websites.artecom.studio\/dessine\/?p=616"},"modified":"2022-05-01T23:21:17","modified_gmt":"2022-05-01T21:21:17","slug":"jai-vraiment-trouve-ma-voie","status":"publish","type":"post","link":"https:\/\/websites.artecom.studio\/dessine\/jai-vraiment-trouve-ma-voie\/","title":{"rendered":"J&rsquo;ai vraiment trouv\u00e9 ma voie"},"content":{"rendered":"\n<p>Je suis install\u00e9e depuis vingt-et-un ans mais j\u2019ai entam\u00e9 la formation quelques ann\u00e9es avant ; cinq, six ans avant. Oui, donc \u00e7a fait bien plus de vingt-cinq ans. C\u2019est vrai qu\u2019au moment o\u00f9 j\u2019ai choisi ce m\u00e9tier, cela a \u00e9t\u00e9 un petit peu un hasard parce que je n\u2019y avais pas du tout pens\u00e9. Je voulais \u00eatre institutrice et j\u2019aim\u00e9 aussi beaucoup le modelage, la sculpture, je travaillais la terre et je cherchais un m\u00e9tier. Quand je n\u2019ai pas pu faire institutrice par rapport \u00e0 ce qui \u00e9tait demand\u00e9 au niveau de la formation, \u00e0 l&rsquo;\u00e9poque, je me suis tourn\u00e9e vers un m\u00e9tier manuel qui se rapproche un peu du modelage. J\u2019ai pens\u00e9 \u00e0 la poterie et \u00e7a \u00e9t\u00e9 un hasard en discutant avec une amie, elle me dit : \u201cpourquoi tu ne fais pas fleuriste ?\u201d.&nbsp;<\/p>\n\n\n\n<p>L\u00e0, d\u2019un coup, c\u2019est vrai que cela a \u00e9t\u00e9 un peu la r\u00e9v\u00e9lation parce que je me suis souvenue que quand j&rsquo;\u00e9tais partie en tant que fille au pair en Allemagne, je faisais des bouquets et j\u2019y prenais beaucoup de plaisir. J\u2019ai pass\u00e9 un CAP, un brevet professionnel, un brevet de ma\u00eetrise et je me suis dit que je pourrais quand m\u00eame toujours faire de la formation l\u00e0-dedans. Et de fil en aiguille, j\u2019ai ouvert la boutique et aujourd\u2019hui, cela fait vingt-et-un ans que je la tiens et c\u2019est toujours la m\u00eame passion. J\u2019ai vraiment trouv\u00e9 ma voie.&nbsp;<\/p>\n\n\n\n<p>Quand on commence la profession, si l\u2019on n\u2019aime pas ce m\u00e9tier on arr\u00eate rapidement, parce que c\u2019est vraiment un m\u00e9tier assez dur o\u00f9 il faut vraiment \u00eatre motiv\u00e9.e pour le faire. J\u2019ai pas mal d\u2019ami.es qui ont ouvert des boutiques qui n\u2019ont pas dur\u00e9 parce que, voil\u00e0, iels privil\u00e9giaient le c\u00f4t\u00e9 cr\u00e9atif, le fait de se faire plaisir aux choses plus concr\u00e8tes comme faire attention aux achats, savoir bien acheter, g\u00e9rer un petit peu son stock et les d\u00e9penses. C\u2019est int\u00e9ressant de savoir bien acheter au niveau de la qualit\u00e9 des produits, pour pouvoir les garder le plus longtemps possible. Et puis savoir en parler \u00e0 sa client\u00e8le parce que ce sont vraiment des choses choisies. Il faut arriver \u00e0 trouver un \u00e9quilibre entre les deux.&nbsp;<\/p>\n\n\n\n<p>Oui, j\u2019ai senti tout de suite que j\u2019avais envie de faire \u00e7a. Apr\u00e8s, on fait ce que l\u2019on peut dans la vie. Il y a des m\u00e9tiers alimentaires parce que l\u2019on n\u2019a pas le temps justement de choisir ce que l\u2019on a vraiment envie de faire, parce que l\u2019on ne se questionne pas trop non plus. C\u2019est vrai que l\u00e0, par rapport \u00e0 la p\u00e9riode du covid, je pense qu\u2019il y a beaucoup de gens qui ont fait des reconversions professionnelles parce que l\u00e0, iels ont eu le temps de penser, de r\u00e9fl\u00e9chir \u00e0 leurs r\u00e9elles valeurs et ont donc chang\u00e9 de profession \u00e0 ce moment-l\u00e0.<\/p>\n","protected":false},"excerpt":{"rendered":"<p>Je suis install\u00e9e depuis vingt-et-un ans mais j\u2019ai entam\u00e9 la formation quelques ann\u00e9es avant ; cinq, six ans avant. Oui, donc \u00e7a fait bien&#8230;<\/p>\n","protected":false},"author":12,"featured_media":0,"comment_status":"closed","ping_status":"","sticky":false,"template":"","format":"standard","meta":{"advgb_blocks_editor_width":"","advgb_blocks_columns_visual_guide":"","footnotes":""},"categories":[1],"tags":[],"class_list":["post-616","post","type-post","status-publish","format-standard","hentry","category-non-classe"],"author_meta":{"display_name":"jade","author_link":"https:\/\/websites.artecom.studio\/dessine\/author\/jade\/"},"featured_img":null,"coauthors":[],"tax_additional":{"categories":{"linked":["<a href=\"https:\/\/websites.artecom.studio\/dessine\/category\/non-classe\/\" class=\"advgb-post-tax-term\">Non class\u00e9<\/a>"],"unlinked":["<span class=\"advgb-post-tax-term\">Non class\u00e9<\/span>"]}},"comment_count":"0","relative_dates":{"created":"Publi\u00e9 4 ans il y a","modified":"Mis \u00e0 jour 4 ans il y a"},"absolute_dates":{"created":"Publi\u00e9 le 1 mai 2022","modified":"Mise \u00e0 jour le 1 mai 2022"},"absolute_dates_time":{"created":"Publi\u00e9 le 1 mai 2022 23h21","modified":"Mise \u00e0 jour le 1 mai 2022 23h21"},"featured_img_caption":"","series_order":"","_links":{"self":[{"href":"https:\/\/websites.artecom.studio\/dessine\/wp-json\/wp\/v2\/posts\/616","targetHints":{"allow":["GET"]}}],"collection":[{"href":"https:\/\/websites.artecom.studio\/dessine\/wp-json\/wp\/v2\/posts"}],"about":[{"href":"https:\/\/websites.artecom.studio\/dessine\/wp-json\/wp\/v2\/types\/post"}],"author":[{"embeddable":true,"href":"https:\/\/websites.artecom.studio\/dessine\/wp-json\/wp\/v2\/users\/12"}],"replies":[{"embeddable":true,"href":"https:\/\/websites.artecom.studio\/dessine\/wp-json\/wp\/v2\/comments?post=616"}],"version-history":[{"count":1,"href":"https:\/\/websites.artecom.studio\/dessine\/wp-json\/wp\/v2\/posts\/616\/revisions"}],"predecessor-version":[{"id":617,"href":"https:\/\/websites.artecom.studio\/dessine\/wp-json\/wp\/v2\/posts\/616\/revisions\/617"}],"wp:attachment":[{"href":"https:\/\/websites.artecom.studio\/dessine\/wp-json\/wp\/v2\/media?parent=616"}],"wp:term":[{"taxonomy":"category","embeddable":true,"href":"https:\/\/websites.artecom.studio\/dessine\/wp-json\/wp\/v2\/categories?post=616"},{"taxonomy":"post_tag","embeddable":true,"href":"https:\/\/websites.artecom.studio\/dessine\/wp-json\/wp\/v2\/tags?post=616"}],"curies":[{"name":"wp","href":"https:\/\/api.w.org\/{rel}","templated":true}]}}