{"id":618,"date":"2022-05-01T23:50:11","date_gmt":"2022-05-01T21:50:11","guid":{"rendered":"https:\/\/websites.artecom.studio\/dessine\/?p=618"},"modified":"2022-05-01T23:50:11","modified_gmt":"2022-05-01T21:50:11","slug":"notre-devoir-comme-notre-mission","status":"publish","type":"post","link":"https:\/\/websites.artecom.studio\/dessine\/notre-devoir-comme-notre-mission\/","title":{"rendered":"Notre devoir comme notre mission"},"content":{"rendered":"\n<p><strong><span style=\"text-decoration: underline\">Martine :<\/span><\/strong> Je suis retrait\u00e9e depuis quatre ans. Avant j&rsquo;\u00e9tais psychomotricienne. Mes parents avaient des ami.es qui avaient un enfant handicap\u00e9 et \u00e7a m\u2019a beaucoup touch\u00e9. Les possibilit\u00e9s qu\u2019il y avait en \u00e9tant support\u00e9.e par un \u00e9lan, par quelque chose que lui transmettait ses parents, ses grands parents, les personnes qui l&rsquo;aimaient.\u00a0<\/p>\n\n\n\n<p>J\u2019ai travaill\u00e9 avec des enfants, avec des adultes, avec des adolescent.es, des personnes \u00e2g\u00e9es. Mon travail consistait \u00e0 engager le corps. \u00c7a m&rsquo;a beaucoup appris. La relation \u00e0 l\u2019autre, que ce soit, je vous dis au niveau des enfants, des adolescent.es, j\u2019ai beaucoup appris, tout le temps, jusqu\u2019au dernier jour de ma carri\u00e8re je dirais. Avec les coll\u00e8gues aussi. Vraiment, je ne regrette absolument pas ce que j\u2019ai fait et ce que j\u2019ai pu transmettre.<\/p>\n\n\n\n<p><strong><span style=\"text-decoration: underline\">Christine :<\/span><\/strong> Alors nous avons travaill\u00e9 ensemble au CMPP (Centre M\u00e9dico-Psycho-P\u00e9dagogique). J\u2019ai \u00e9t\u00e9 enseignante dans un coll\u00e8ge-clinique \u00e0 Cahors et \u00e0 Montauban avec les pr\u00e9sentations. Puis, j\u2019ai travaill\u00e9 parall\u00e8lement au CMPP et dans un cabinet en lib\u00e9ral. Puis, apr\u00e8s cela, j\u2019ai l\u00e2ch\u00e9 la psychop\u00e9dagogie pour la psychanalyse.<\/p>\n\n\n\n<p>En psychop\u00e9da, on me disait, au CMPP, de faire travailler les enfants sur les op\u00e9rations ; les techniques op\u00e9ratoires donc la division\u2026 c\u2019est lourd. Qu\u2019est-ce qui nous divise ? C\u2019est la parole. Je ne faisais plus, moi non plus, de bilan pour dire \u201ciel a un niveau CM1\u201d. Petit \u00e0 petit, je ne faisais plus de psychop\u00e9dagogie et je me disais : \u201cCe n\u2019est pas honn\u00eate\u00a0\u00bb. Je fais un autre travail avec ces enfants qui ont besoin de comprendre leurs sympt\u00f4mes ; pourquoi iels \u00e9chouent.&nbsp;&nbsp;&nbsp;<\/p>\n\n\n\n<p><strong><span style=\"text-decoration: underline\">Martine :<\/span><\/strong> Nous sommes \u00e0 un carrefour de pens\u00e9e. J\u2019avais un bagage de bilans, des trucs qu\u2019il fallait faire passer pour \u00e9valuer les enfants, tr\u00e8s vite je l\u2019ai abandonn\u00e9. Je trouve \u00e7a inadmissible, et vraiment dommage, de limiter comme \u00e7a car le travail ne tient pas en une s\u00e9ance. Ce sont des choses qui ne sont pas quantifiables. Pour citer un petit exemple : un enfant avec qui je travaillais au CMPP, quand j\u2019ai voulu arr\u00eater en lui disant <em>\u00ab tu vois, on a beaucoup travaill\u00e9 ensemble, je pense que tu es pr\u00e8s \u00e0 faire tout seul \u00bb <\/em>, il m\u2019a dit <em>\u00ab non je crois que j\u2019ai encore besoin de temps \u00bb <\/em>et il a beaucoup pleur\u00e9. Donc, j\u2019ai n\u00e9goci\u00e9 aupr\u00e8s de ma direction et de mon directeur m\u00e9dical, le fait de prolonger un tout petit peu plus, le temps de s\u2019habituer \u00e0 la s\u00e9paration. \u00c7a a \u00e9t\u00e9 accord\u00e9 ! Maintenant ce sont des choses qui ne sont plus possibles !<\/p>\n\n\n\n<p><strong><span style=\"text-decoration: underline\">Christine :<\/span><\/strong> Il y a la question de la protection !<\/p>\n\n\n\n<p><strong><span style=\"text-decoration: underline\">Martine :<\/span><\/strong> Oui, c\u2019est \u00e7a, c\u2019est une question de protection.<\/p>\n\n\n\n<p><strong><span style=\"text-decoration: underline\">Christine :<\/span><\/strong> D\u00e9noncer les abus.\u00a0<\/p>\n\n\n\n<p><strong><span style=\"text-decoration: underline\">Martine :<\/span><\/strong> Les enfants, en tout cas, par le corps, j&rsquo;ai appris beaucoup de choses. Iels transmettent beaucoup de choses, et l\u00e0, il y a un moment o\u00f9 on se dit : <em>\u00ab il y a quelque chose qui dit que quelque chose ne va pas \u00bb <\/em>.\u00a0 Donc on questionne un petit peu, et c\u2019est vrai que si la direction n\u2019est pas tr\u00e8s chaude en disant que l\u2019on peut peut-\u00eatre attendre un peu, peut-\u00eatre que ce n\u2019est pas si grave que \u00e7a, que vous avez mal interpr\u00e9t\u00e9. Seulement, au bout de quelques fois, et d\u2019une certaine pratique, on a un peu l\u2019habitude. Et l\u00e0, on se dit non, ce n\u2019est pas possible ! Il faut faire quelque chose. C\u2019est vrai que des fois, j\u2019ai \u00e9t\u00e9 tr\u00e8s insult\u00e9e m\u00eame \u00e0 l&rsquo;ext\u00e9rieur de l\u2019\u00e9tablissement, par les parents et c\u2019est tr\u00e8s dur \u00e0 vivre quand m\u00eame. Mais bon. Il y a l\u2019enfant.\u00a0<\/p>\n\n\n\n<p><strong><span style=\"text-decoration: underline\">Christine :<\/span><\/strong> Notre devoir comme notre mission, c&rsquo;est d&rsquo;am\u00e9liorer la position du sujet.\u00a0\u00a0<\/p>\n","protected":false},"excerpt":{"rendered":"<p>Martine : Je suis retrait\u00e9e depuis quatre ans. Avant j&rsquo;\u00e9tais psychomotricienne. Mes parents avaient des ami.es qui avaient un enfant handicap\u00e9 et \u00e7a m\u2019a&#8230;<\/p>\n","protected":false},"author":12,"featured_media":0,"comment_status":"closed","ping_status":"","sticky":false,"template":"","format":"standard","meta":{"advgb_blocks_editor_width":"","advgb_blocks_columns_visual_guide":"","footnotes":""},"categories":[1],"tags":[],"class_list":["post-618","post","type-post","status-publish","format-standard","hentry","category-non-classe"],"author_meta":{"display_name":"jade","author_link":"https:\/\/websites.artecom.studio\/dessine\/author\/jade\/"},"featured_img":null,"coauthors":[],"tax_additional":{"categories":{"linked":["<a href=\"https:\/\/websites.artecom.studio\/dessine\/category\/non-classe\/\" class=\"advgb-post-tax-term\">Non class\u00e9<\/a>"],"unlinked":["<span class=\"advgb-post-tax-term\">Non class\u00e9<\/span>"]}},"comment_count":"0","relative_dates":{"created":"Publi\u00e9 4 ans il y a","modified":"Mis \u00e0 jour 4 ans il y a"},"absolute_dates":{"created":"Publi\u00e9 le 1 mai 2022","modified":"Mise \u00e0 jour le 1 mai 2022"},"absolute_dates_time":{"created":"Publi\u00e9 le 1 mai 2022 23h50","modified":"Mise \u00e0 jour le 1 mai 2022 23h50"},"featured_img_caption":"","series_order":"","_links":{"self":[{"href":"https:\/\/websites.artecom.studio\/dessine\/wp-json\/wp\/v2\/posts\/618","targetHints":{"allow":["GET"]}}],"collection":[{"href":"https:\/\/websites.artecom.studio\/dessine\/wp-json\/wp\/v2\/posts"}],"about":[{"href":"https:\/\/websites.artecom.studio\/dessine\/wp-json\/wp\/v2\/types\/post"}],"author":[{"embeddable":true,"href":"https:\/\/websites.artecom.studio\/dessine\/wp-json\/wp\/v2\/users\/12"}],"replies":[{"embeddable":true,"href":"https:\/\/websites.artecom.studio\/dessine\/wp-json\/wp\/v2\/comments?post=618"}],"version-history":[{"count":1,"href":"https:\/\/websites.artecom.studio\/dessine\/wp-json\/wp\/v2\/posts\/618\/revisions"}],"predecessor-version":[{"id":619,"href":"https:\/\/websites.artecom.studio\/dessine\/wp-json\/wp\/v2\/posts\/618\/revisions\/619"}],"wp:attachment":[{"href":"https:\/\/websites.artecom.studio\/dessine\/wp-json\/wp\/v2\/media?parent=618"}],"wp:term":[{"taxonomy":"category","embeddable":true,"href":"https:\/\/websites.artecom.studio\/dessine\/wp-json\/wp\/v2\/categories?post=618"},{"taxonomy":"post_tag","embeddable":true,"href":"https:\/\/websites.artecom.studio\/dessine\/wp-json\/wp\/v2\/tags?post=618"}],"curies":[{"name":"wp","href":"https:\/\/api.w.org\/{rel}","templated":true}]}}