{"id":364,"date":"2023-05-10T09:29:11","date_gmt":"2023-05-10T07:29:11","guid":{"rendered":"https:\/\/websites.artecom.studio\/doublevie\/?p=364"},"modified":"2023-05-10T09:31:56","modified_gmt":"2023-05-10T07:31:56","slug":"synopsis-du-webdoc-face-cachee","status":"publish","type":"post","link":"https:\/\/websites.artecom.studio\/doublevie\/2023\/05\/10\/synopsis-du-webdoc-face-cachee\/","title":{"rendered":"Synopsis du webdoc \u00ab\u00a0Face cach\u00e9e\u00a0\u00bb"},"content":{"rendered":"\n<p>&nbsp;&nbsp;&nbsp;&nbsp;Notre projet portera sur le th\u00e8me de la double vie. Nous d\u00e9couvrirons des personnages multiples et complexes qui m\u00e8nent une vie \u00e0 premi\u00e8re vue banale et sans fantaisie mais qui s\u2019av\u00e8rent finalement pleines d\u2019ambitions et de r\u00eaves.&nbsp;<\/p>\n\n\n\n<p>Ce projet pourrait \u00eatre une introspection sur soi-m\u00eame qui permettrait au visiteur du site de trouver quel but a-t-il \u00e0 accomplir dans sa vie ainsi que ses objectifs (professionnels et personnels). En d\u00e9couvrant les nombreuses facettes et faces cach\u00e9es que nos personnages exprimeront, nous pourrons \u00e9galement comprendre davantage la complexit\u00e9 de chaque \u00eatre humain : de ce qui se cache derri\u00e8re chaque personne, ce que nous n\u2019osons d\u00e9voiler.<\/p>\n\n\n\n<p>Comment la double vie permet-elle de comprendre qui on est? Comment la \u00ab\u00a0vie banale\u00a0\u00bb et la \u00ab\u00a0vie en qu\u00eate de r\u00eaves\u00a0\u00bb se distinguent-elles l&rsquo;une de l&rsquo;autre? Et de quelles mani\u00e8res sont-elles hi\u00e9rarchis\u00e9es et consid\u00e9r\u00e9es les unes par rapport aux autres? Autant de probl\u00e9matiques auxquelles nous tenterons de r\u00e9pondre \u00e0 travers ce projet qui consisteront en la qu\u00eate du navigateur.<\/p>\n\n\n\n<p>Ce web documentaire utilise l\u2019analogie de la sc\u00e8ne pour explorer ce concept de la double vie. Nous sommes tous des acteurs de notre propre vie, jouant des r\u00f4les diff\u00e9rents selon les situations. Ici, l\u2019univers de la sc\u00e8ne est encore plus \u00e9vident car nous pr\u00e9sentons des personnes ayant une deuxi\u00e8me vie qui se joue sur sc\u00e8ne. L\u2019aspect public a donc son importance et permet ainsi de marquer une opposition claire entre l\u2019aspect connu et la facette intime de chaque personnage.\u00a0<\/p>\n\n\n\n<p>Le site ainsi que le web documentaire nous permettent une exploration fascinante sur ces doubles vies, tout en nous permettant aussi \u00e0 nous, spectateur, de r\u00e9fl\u00e9chir \u00e0 la mani\u00e8re dont nous concilions notre vie professionnelle et personnelle, et surtout comment trouver un \u00e9quilibre mais aussi notre identit\u00e9 au travers de ces r\u00f4les que l\u2019on doit parfois mener.<\/p>\n\n\n\n<p>Le web documentaire s\u2019adresse \u00e0 un public de tout \u00e2ge, qui se questionnerait potentiellement sur sa vie, comment la mener et\/ou comment concilier nos diff\u00e9rentes facettes quotidiennes : en soci\u00e9t\u00e9, face \u00e0 nous-m\u00eames, etc.<\/p>\n","protected":false},"excerpt":{"rendered":"<p>&nbsp;&nbsp;&nbsp;&nbsp;Notre projet portera sur le th\u00e8me de la double vie. Nous d\u00e9couvrirons des personnages multiples et complexes qui m\u00e8nent une vie \u00e0 premi\u00e8re vue banale et sans fantaisie mais qui s\u2019av\u00e8rent finalement pleines d\u2019ambitions et de r\u00eaves.&nbsp; Ce projet pourrait \u00eatre une introspection sur soi-m\u00eame qui permettrait au visiteur du site de trouver quel but [&hellip;]<\/p>\n","protected":false},"author":29,"featured_media":0,"comment_status":"open","ping_status":"open","sticky":false,"template":"","format":"standard","meta":{"advgb_blocks_editor_width":"","advgb_blocks_columns_visual_guide":"","footnotes":""},"categories":[1],"tags":[],"class_list":["post-364","post","type-post","status-publish","format-standard","hentry","category-non-classe"],"author_meta":{"display_name":"azhar","author_link":"https:\/\/websites.artecom.studio\/doublevie\/author\/azhar\/"},"featured_img":null,"coauthors":[],"tax_additional":{"categories":{"linked":["<a href=\"https:\/\/websites.artecom.studio\/doublevie\/category\/non-classe\/\" class=\"advgb-post-tax-term\">Non class\u00e9<\/a>"],"unlinked":["<span class=\"advgb-post-tax-term\">Non class\u00e9<\/span>"]}},"comment_count":"0","relative_dates":{"created":"Publi\u00e9 3 ans il y a","modified":"Mis \u00e0 jour 3 ans il y a"},"absolute_dates":{"created":"Publi\u00e9 le 10 mai 2023","modified":"Mise \u00e0 jour le 10 mai 2023"},"absolute_dates_time":{"created":"Publi\u00e9 le 10 mai 2023 9h29","modified":"Mise \u00e0 jour le 10 mai 2023 9h31"},"featured_img_caption":"","series_order":"","_links":{"self":[{"href":"https:\/\/websites.artecom.studio\/doublevie\/wp-json\/wp\/v2\/posts\/364","targetHints":{"allow":["GET"]}}],"collection":[{"href":"https:\/\/websites.artecom.studio\/doublevie\/wp-json\/wp\/v2\/posts"}],"about":[{"href":"https:\/\/websites.artecom.studio\/doublevie\/wp-json\/wp\/v2\/types\/post"}],"author":[{"embeddable":true,"href":"https:\/\/websites.artecom.studio\/doublevie\/wp-json\/wp\/v2\/users\/29"}],"replies":[{"embeddable":true,"href":"https:\/\/websites.artecom.studio\/doublevie\/wp-json\/wp\/v2\/comments?post=364"}],"version-history":[{"count":3,"href":"https:\/\/websites.artecom.studio\/doublevie\/wp-json\/wp\/v2\/posts\/364\/revisions"}],"predecessor-version":[{"id":368,"href":"https:\/\/websites.artecom.studio\/doublevie\/wp-json\/wp\/v2\/posts\/364\/revisions\/368"}],"wp:attachment":[{"href":"https:\/\/websites.artecom.studio\/doublevie\/wp-json\/wp\/v2\/media?parent=364"}],"wp:term":[{"taxonomy":"category","embeddable":true,"href":"https:\/\/websites.artecom.studio\/doublevie\/wp-json\/wp\/v2\/categories?post=364"},{"taxonomy":"post_tag","embeddable":true,"href":"https:\/\/websites.artecom.studio\/doublevie\/wp-json\/wp\/v2\/tags?post=364"}],"curies":[{"name":"wp","href":"https:\/\/api.w.org\/{rel}","templated":true}]}}