{"id":63,"date":"2023-03-28T13:37:36","date_gmt":"2023-03-28T11:37:36","guid":{"rendered":"https:\/\/websites.artecom.studio\/doublevie\/?p=63"},"modified":"2023-05-10T20:32:03","modified_gmt":"2023-05-10T18:32:03","slug":"m","status":"publish","type":"post","link":"https:\/\/websites.artecom.studio\/doublevie\/2023\/03\/28\/m\/","title":{"rendered":""},"content":{"rendered":"\n<p class=\"has-text-align-center has-medium-font-size\"><strong>\u00ab\u00a0Connaissez-vous la double vie de Mathieu Chedid, l&rsquo;auteur-compositeur-interpr\u00e8te fran\u00e7ais mieux connu sous le nom de \u00ab\u00a0M\u00a0\u00bb? Derri\u00e8re son c\u00e9l\u00e8bre nom de sc\u00e8ne se cache un musicien polyvalent et novateur, qui a su cr\u00e9er un son unique m\u00e9langeant rock, funk et \u00e9lectronique. D\u00e9couvrez l&rsquo;histoire fascinante de cet artiste avant-gardiste, qui a su se cr\u00e9er une identit\u00e9 distincte de son c\u00e9l\u00e8bre p\u00e8re et inspirer des fans \u00e0 travers le monde.\u00a0\u00bb<\/strong><\/p>\n\n\n\n<div class=\"wp-block-group is-layout-constrained wp-block-group-is-layout-constrained\">\n<div class=\"wp-block-group is-layout-constrained wp-container-core-group-is-layout-7e60ddee wp-block-group-is-layout-constrained\" style=\"padding-top:var(--wp--preset--spacing--70);padding-right:var(--wp--preset--spacing--70);padding-bottom:var(--wp--preset--spacing--70);padding-left:var(--wp--preset--spacing--70)\">\n<div class=\"wp-block-group is-layout-constrained wp-block-group-is-layout-constrained\">\n<div class=\"wp-block-group is-layout-constrained wp-block-group-is-layout-constrained\">\n<p class=\"has-normal-font-size\">Mathieu Chedid est un musicien et auteur-compositeur-interpr\u00e8te fran\u00e7ais connu pour son style unique combinant le rock, le funk et la pop. Mais ce que beaucoup ignorent, c&rsquo;est qu&rsquo;il m\u00e8ne une double vie, se produisant sous le pseudonyme de \u00ab\u00a0M\u00a0\u00bb et se cr\u00e9ant une identit\u00e9 distincte de la sienne.<\/p>\n<\/div>\n\n\n\n<figure class=\"wp-block-image alignfull size-full\"><img loading=\"lazy\" decoding=\"async\" width=\"1024\" height=\"561\" src=\"https:\/\/websites.artecom.studio\/doublevie\/wp-content\/uploads\/sites\/8\/2023\/04\/mchedid.png\" alt=\"\" class=\"wp-image-237\" srcset=\"https:\/\/websites.artecom.studio\/doublevie\/wp-content\/uploads\/sites\/8\/2023\/04\/mchedid.png 1024w, https:\/\/websites.artecom.studio\/doublevie\/wp-content\/uploads\/sites\/8\/2023\/04\/mchedid-300x164.png 300w, https:\/\/websites.artecom.studio\/doublevie\/wp-content\/uploads\/sites\/8\/2023\/04\/mchedid-768x421.png 768w\" sizes=\"auto, (max-width: 1024px) 100vw, 1024px\" \/><\/figure>\n\n\n\n<p><strong><sup>Images \u00e0 la Une : \u00a9Onestagestudio.fr &amp; \u00a9RadioM \u2013 Montage photo \u00a9Paris Secret<\/sup><\/strong><\/p>\n\n\n\n<p><\/p>\n\n\n\n<p class=\"has-normal-font-size\" style=\"margin-top:0;margin-right:0;margin-bottom:0;margin-left:0;padding-top:0;padding-right:0;padding-bottom:0;padding-left:0\">Chedid est n\u00e9 \u00e0 Boulogne-Billancourt, en France, en 1971. Il est le fils du chanteur fran\u00e7ais Louis Chedid. Il commence \u00e0 faire de la musique d\u00e8s son plus jeune \u00e2ge et, \u00e0 l&rsquo;adolescence, se produit d\u00e9j\u00e0 dans des clubs et des bars locaux. En 1997, il sort son premier album, Le Bapt\u00eame, sous son propre nom. L&rsquo;album est un succ\u00e8s commercial et critique, et Chedid devient rapidement connu pour ses performances live \u00e9nergiques et son son innovant.<\/p>\n\n\n\n<p><\/p>\n<\/div>\n\n\n\n<p class=\"has-normal-font-size\" style=\"margin-top:0;margin-right:0;margin-bottom:0;margin-left:0;padding-top:0;padding-right:0;padding-bottom:0;padding-left:0\">Cependant, Chedid s&rsquo;est vite rendu compte qu&rsquo;il voulait d\u00e9couvrir d&rsquo;autres styles de musique et cr\u00e9er un nouveau nom qui lui donnerait une plus grande libert\u00e9 d&rsquo;action. C&rsquo;est ainsi qu&rsquo;il a cr\u00e9\u00e9 \u00ab\u00a0M\u00a0\u00bb, un personnage qui porte un chapeau noir et des lunettes de soleil, sa marque de fabrique, et dont la musique est une fusion de rock, de funk et d&rsquo;\u00e9lectronique.&nbsp;<\/p>\n\n\n\n<p><\/p>\n\n\n\n<p class=\"has-normal-font-size\" style=\"margin-top:0;margin-right:0;margin-bottom:0;margin-left:0;padding-top:0;padding-right:0;padding-bottom:0;padding-left:0\">Il est connu pour son jeu de guitare virtuose, sa voix puissante et sa pr\u00e9sence \u00e9nergique sur sc\u00e8ne. M a sorti plus de dix albums studio, plusieurs albums live et de nombreux singles, dont beaucoup sont arriv\u00e9s en t\u00eate des hit-parades fran\u00e7ais et ont \u00e9t\u00e9 salu\u00e9s par la critique.<\/p>\n\n\n\n<figure class=\"wp-block-image size-full\"><img loading=\"lazy\" decoding=\"async\" width=\"624\" height=\"600\" src=\"https:\/\/websites.artecom.studio\/doublevie\/wp-content\/uploads\/sites\/8\/2023\/04\/524952-performance-de-matthieu-chedid-lors-des-624x600-1.webp\" alt=\"\" class=\"wp-image-238\" srcset=\"https:\/\/websites.artecom.studio\/doublevie\/wp-content\/uploads\/sites\/8\/2023\/04\/524952-performance-de-matthieu-chedid-lors-des-624x600-1.webp 624w, https:\/\/websites.artecom.studio\/doublevie\/wp-content\/uploads\/sites\/8\/2023\/04\/524952-performance-de-matthieu-chedid-lors-des-624x600-1-300x288.webp 300w\" sizes=\"auto, (max-width: 624px) 100vw, 624px\" \/><\/figure>\n\n\n\n<div class=\"wp-block-group alignwide is-layout-constrained wp-block-group-is-layout-constrained\">\n<p><strong><sup>Performance de Matthieu Chedid lors des Victoires de la musique en 2010\u00a9 Abaca<\/sup><\/strong><\/p>\n\n\n\n<p><\/p>\n<\/div>\n\n\n\n<p class=\"has-normal-font-size\" style=\"margin-top:0;margin-right:0;margin-bottom:0;margin-left:0;padding-top:0;padding-right:0;padding-bottom:0;padding-left:0\">La musique de M est souvent d\u00e9crite comme avant-gardiste, exp\u00e9rimentale et r\u00e9volutionnaire, et il a \u00e9t\u00e9 appr\u00e9ci\u00e9 pour sa capacit\u00e9 \u00e0 combiner diff\u00e9rentes influences musicales en un son coh\u00e9rent et original. Il est \u00e9galement connu pour son utilisation cr\u00e9ative de la technologie et sa capacit\u00e9 \u00e0 int\u00e9grer l&rsquo;art visuel et la sc\u00e9nographie dans ses spectacles.<\/p>\n\n\n\n<p><\/p>\n\n\n\n<p class=\"has-normal-font-size\" style=\"margin-top:0;margin-right:0;margin-bottom:0;margin-left:0;padding-top:0;padding-right:0;padding-bottom:0;padding-left:0\">L&rsquo;une des raisons pour lesquelles Chedid a cr\u00e9\u00e9 l&rsquo;image \u00ab\u00a0M\u00a0\u00bb \u00e9tait de se distancier de son c\u00e9l\u00e8bre p\u00e8re et de cr\u00e9er sa propre identit\u00e9. Dans une interview accord\u00e9e au Guardian, il explique que \u00ab\u00a0M\u00a0\u00bb lui a permis de \u00ab\u00a0se lib\u00e9rer des contraintes de son pass\u00e9 et d&rsquo;explorer de nouveaux territoires musicaux\u00a0\u00bb. En effet, \u00ab\u00a0M\u00a0\u00bb a permis \u00e0 Chedid d&rsquo;exp\u00e9rimenter diff\u00e9rentes sonorit\u00e9s et de collaborer avec divers artistes, dont Vanessa Paradis, Jane Birkin et Youssa N&rsquo;Dour.<\/p>\n\n\n\n<p><\/p>\n\n\n\n<p class=\"has-normal-font-size\" style=\"margin-top:0;margin-right:0;margin-bottom:0;margin-left:0;padding-top:0;padding-right:0;padding-bottom:0;padding-left:0\">Malgr\u00e9 son succ\u00e8s en tant que Matthieu Chedid et \u00ab\u00a0M\u00a0\u00bb, Chedid reste humble et terre-\u00e0-terre, se concentrant toujours sur la cr\u00e9ation d&rsquo;une musique authentique et significative. Dans une interview accord\u00e9e \u00e0 Rolling Stone, il a d\u00e9clar\u00e9 qu&rsquo;il consid\u00e9rait la musique comme un moyen de \u00ab\u00a0se connecter avec les gens \u00e0 un niveau plus profond\u00a0\u00bb et qu&rsquo;il esp\u00e9rait inspirer les autres avec sa musique. M. a toujours fait profil bas et est connu pour garder sa vie priv\u00e9e secr\u00e8te.<\/p>\n\n\n\n<p><\/p>\n\n\n\n<p class=\"has-normal-font-size\" style=\"margin-top:0;margin-right:0;margin-bottom:0;margin-left:0;padding-top:0;padding-right:0;padding-bottom:0;padding-left:0\">Ind\u00e9pendamment de ce qui se passe dans sa vie priv\u00e9e, il est ind\u00e9niable que M est l&rsquo;un des musiciens les plus talentueux et les plus novateurs de sa g\u00e9n\u00e9ration. Sa musique a inspir\u00e9 d&rsquo;innombrables fans dans le monde entier et son influence se fait sentir dans de nombreux genres et styles musicaux.<\/p>\n\n\n\n<p><\/p>\n\n\n\n<p class=\"has-normal-font-size\" style=\"margin-top:0;margin-right:0;margin-bottom:0;margin-left:0;padding-top:0;padding-right:0;padding-bottom:0;padding-left:0\">En reconnaissance de sa contribution \u00e0 la musique fran\u00e7aise, M a re\u00e7u plusieurs prix prestigieux, dont l&rsquo;Ordre des Arts et des Lettres et l&rsquo;Ordre national du M\u00e9rite. Il continue \u00e0 faire des tourn\u00e9es et \u00e0 enregistrer de nouveaux morceaux, consolidant ainsi sa r\u00e9putation de musicien fran\u00e7ais parmi les plus importants et les plus influents.<\/p>\n<\/div>\n\n\n\n<figure class=\"wp-block-image size-full\"><img loading=\"lazy\" decoding=\"async\" width=\"900\" height=\"900\" src=\"https:\/\/websites.artecom.studio\/doublevie\/wp-content\/uploads\/sites\/8\/2023\/04\/channels4_profile.jpg\" alt=\"\" class=\"wp-image-239\" srcset=\"https:\/\/websites.artecom.studio\/doublevie\/wp-content\/uploads\/sites\/8\/2023\/04\/channels4_profile.jpg 900w, https:\/\/websites.artecom.studio\/doublevie\/wp-content\/uploads\/sites\/8\/2023\/04\/channels4_profile-300x300.jpg 300w, https:\/\/websites.artecom.studio\/doublevie\/wp-content\/uploads\/sites\/8\/2023\/04\/channels4_profile-150x150.jpg 150w, https:\/\/websites.artecom.studio\/doublevie\/wp-content\/uploads\/sites\/8\/2023\/04\/channels4_profile-768x768.jpg 768w\" sizes=\"auto, (max-width: 900px) 100vw, 900px\" \/><\/figure>\n\n\n\n<p><strong><sup>Capture d&rsquo;\u00e9cran Instagram Matthieu Chedid<\/sup><\/strong><\/p>\n<\/div>\n","protected":false},"excerpt":{"rendered":"<p>\u00ab\u00a0Connaissez-vous la double vie de Mathieu Chedid, l&rsquo;auteur-compositeur-interpr\u00e8te fran\u00e7ais mieux connu sous le nom de \u00ab\u00a0M\u00a0\u00bb? Derri\u00e8re son c\u00e9l\u00e8bre nom de sc\u00e8ne se cache un musicien polyvalent et novateur, qui a su cr\u00e9er un son unique m\u00e9langeant rock, funk et \u00e9lectronique. D\u00e9couvrez l&rsquo;histoire fascinante de cet artiste avant-gardiste, qui a su se cr\u00e9er une identit\u00e9 [&hellip;]<\/p>\n","protected":false},"author":39,"featured_media":0,"comment_status":"open","ping_status":"open","sticky":false,"template":"","format":"standard","meta":{"advgb_blocks_editor_width":"","advgb_blocks_columns_visual_guide":"","footnotes":""},"categories":[1],"tags":[7],"class_list":["post-63","post","type-post","status-publish","format-standard","hentry","category-non-classe","tag-m"],"author_meta":{"display_name":"evam","author_link":"https:\/\/websites.artecom.studio\/doublevie\/author\/evam\/"},"featured_img":null,"coauthors":[],"tax_additional":{"categories":{"linked":["<a href=\"https:\/\/websites.artecom.studio\/doublevie\/category\/non-classe\/\" class=\"advgb-post-tax-term\">Non class\u00e9<\/a>"],"unlinked":["<span class=\"advgb-post-tax-term\">Non class\u00e9<\/span>"]},"tags":{"linked":["<a href=\"https:\/\/websites.artecom.studio\/doublevie\/category\/non-classe\/\" class=\"advgb-post-tax-term\">M<\/a>"],"unlinked":["<span class=\"advgb-post-tax-term\">M<\/span>"]}},"comment_count":"0","relative_dates":{"created":"Publi\u00e9 3 ans il y a","modified":"Mis \u00e0 jour 3 ans il y a"},"absolute_dates":{"created":"Publi\u00e9 le 28 mars 2023","modified":"Mise \u00e0 jour le 10 mai 2023"},"absolute_dates_time":{"created":"Publi\u00e9 le 28 mars 2023 13h37","modified":"Mise \u00e0 jour le 10 mai 2023 20h32"},"featured_img_caption":"","series_order":"","_links":{"self":[{"href":"https:\/\/websites.artecom.studio\/doublevie\/wp-json\/wp\/v2\/posts\/63","targetHints":{"allow":["GET"]}}],"collection":[{"href":"https:\/\/websites.artecom.studio\/doublevie\/wp-json\/wp\/v2\/posts"}],"about":[{"href":"https:\/\/websites.artecom.studio\/doublevie\/wp-json\/wp\/v2\/types\/post"}],"author":[{"embeddable":true,"href":"https:\/\/websites.artecom.studio\/doublevie\/wp-json\/wp\/v2\/users\/39"}],"replies":[{"embeddable":true,"href":"https:\/\/websites.artecom.studio\/doublevie\/wp-json\/wp\/v2\/comments?post=63"}],"version-history":[{"count":9,"href":"https:\/\/websites.artecom.studio\/doublevie\/wp-json\/wp\/v2\/posts\/63\/revisions"}],"predecessor-version":[{"id":418,"href":"https:\/\/websites.artecom.studio\/doublevie\/wp-json\/wp\/v2\/posts\/63\/revisions\/418"}],"wp:attachment":[{"href":"https:\/\/websites.artecom.studio\/doublevie\/wp-json\/wp\/v2\/media?parent=63"}],"wp:term":[{"taxonomy":"category","embeddable":true,"href":"https:\/\/websites.artecom.studio\/doublevie\/wp-json\/wp\/v2\/categories?post=63"},{"taxonomy":"post_tag","embeddable":true,"href":"https:\/\/websites.artecom.studio\/doublevie\/wp-json\/wp\/v2\/tags?post=63"}],"curies":[{"name":"wp","href":"https:\/\/api.w.org\/{rel}","templated":true}]}}