{"id":76,"date":"2023-03-28T14:07:41","date_gmt":"2023-03-28T12:07:41","guid":{"rendered":"https:\/\/websites.artecom.studio\/doublevie\/?p=76"},"modified":"2023-05-10T20:46:30","modified_gmt":"2023-05-10T18:46:30","slug":"emile-ajar-la-plus-grande-supercherie-litteraire","status":"publish","type":"post","link":"https:\/\/websites.artecom.studio\/doublevie\/2023\/03\/28\/emile-ajar-la-plus-grande-supercherie-litteraire\/","title":{"rendered":"<strong>Emile Ajar : la plus grande supercherie litt\u00e9raire<\/strong>"},"content":{"rendered":"\n<p class=\"has-text-align-center has-medium-font-size\"><strong>En 1974, l\u2019\u00e9crivain \u00e0 succ\u00e8s Romain Gary \u00e0 perturb\u00e9 le syst\u00e8me litt\u00e9raire fran\u00e7ais en se faisant passer pour quelqu\u2019un d\u2019autre.<\/strong><\/p>\n\n\n\n<div class=\"wp-block-group is-layout-constrained wp-container-core-group-is-layout-7e60ddee wp-block-group-is-layout-constrained\" style=\"padding-top:var(--wp--preset--spacing--70);padding-right:var(--wp--preset--spacing--70);padding-bottom:var(--wp--preset--spacing--70);padding-left:var(--wp--preset--spacing--70)\">\n<p class=\"has-normal-font-size\">Vous avez certainement entendu parler du c\u00e9l\u00e8bre \u00e9crivain Romain Gary, laur\u00e9at du prix Goncourt de 1956 avec son livre Les Racines du Ciel. Mais saviez-vous qu\u2019il \u00e9tait \u00e9galement connu sous le nom d\u2019Emile Ajar, gagnant du m\u00eame prix en 1975 avec La vie devant soi ? La double identit\u00e9 de cet \u00e9crivain \u00e0 succ\u00e8s a laiss\u00e9 place \u00e0 l\u2019un des plus grands canulars de la litt\u00e9rature fran\u00e7aise. Mais pourquoi avoir cr\u00e9\u00e9 ce double personnage ? Et dans quel(s) but(s) ?<\/p>\n\n\n\n<p class=\"has-normal-font-size\">En 1974, Romain Gary arrive au tournant de sa carri\u00e8re et ressent un besoin de renouveau. Il souhaite s\u2019\u00e9carter de l\u2019image m\u00e9diatique dont il est victime en se replongeant v\u00e9ritablement dans l\u2019\u00e9criture de ses livres et ainsi, retrouver les pr\u00e9mices de sa plume. Il lui vient ainsi l\u2019id\u00e9e de publier ses romans sous un nouveau pseudonyme : Emile Ajar.<\/p>\n\n\n\n<p class=\"has-normal-font-size\">Pas de quoi en faire tout un buzz me direz-vous, jusqu\u2019\u00e0 ce jour o\u00f9 1 an plus tard, le fameux Emile Ajar gagne le prix Goncourt de 1975. Le probl\u00e8me \u00e9tant qu\u2019il est interdit pour une m\u00eame personne de gagner 2 fois ce prix. Toutes les cha\u00eenes de m\u00e9dias r\u00e9clament alors cet \u00e9crivain au visage inconnu, ayant toujours refus\u00e9 les interviews m\u00e9diatiques. Il devient un \u00e9crivain myst\u00e8re qui fascine le public. Mais Paul Pavlowitch, le petit cousin de Romain Gary, se fera passer pour Emile Ajar et r\u00e9pondra aux invitations des cha\u00eenes d\u2019informations. Quant \u00e0 Romain Gary, il maintient ses apparitions m\u00e9diatiques sous sa vraie identit\u00e9, en affirmant m\u00eame dans une interview qu\u2019il \u00ab<em> est quasiment impossible de cacher quelque chose aux parisiens<\/em> \u00bb. Au m\u00eame moment, le premier roman sign\u00e9 Emile Ajar est d\u00e9j\u00e0 dans les librairies.&nbsp;<\/p>\n\n\n\n<figure class=\"wp-block-image size-full\"><img loading=\"lazy\" decoding=\"async\" width=\"510\" height=\"341\" src=\"https:\/\/websites.artecom.studio\/doublevie\/wp-content\/uploads\/sites\/8\/2023\/03\/2023-03-22-1.png\" alt=\"\" class=\"wp-image-164\" srcset=\"https:\/\/websites.artecom.studio\/doublevie\/wp-content\/uploads\/sites\/8\/2023\/03\/2023-03-22-1.png 510w, https:\/\/websites.artecom.studio\/doublevie\/wp-content\/uploads\/sites\/8\/2023\/03\/2023-03-22-1-300x201.png 300w\" sizes=\"auto, (max-width: 510px) 100vw, 510px\" \/><\/figure>\n\n\n\n<p><strong><sup>Carlos De Sousa. \u00ab\u00a0Menteurs compulsifs : comment les reconna\u00eetre\u00a0\u00bb. https:\/\/www.ledauphine.com\/magazine-sante\/2022\/01\/30\/etes-vous-un-menteur-compulsif-sans-le-savoir<\/sup><\/strong><\/p>\n\n\n\n<p class=\"has-normal-font-size\">Le 2 d\u00e9cembre 1980, Romain Gary se donne la mort \u00e0 l\u2019\u00e2ge de 66 ans. Il emporte avec lui Emile Ajar et tout est r\u00e9v\u00e9l\u00e9. Son neveu t\u00e9moigne de l\u2019escroquerie de son oncle en d\u00e9crivant les coulisses de la supercherie, la n\u00e9vrose et le trouble identitaire de Romain Gary. On d\u00e9couvre alors ce qui se cachait r\u00e9ellement derri\u00e8re cette double signature qui n\u2019\u00e9tait pas juste une blague ou un simple d\u00e9fi. Mais une douleur bien plus profonde et occulte.&nbsp;<\/p>\n\n\n\n<p class=\"has-normal-font-size\">Cette histoire nous interroge sur de nombreux aspects comme la r\u00e9elle reconnaissance d\u2019un artiste et de son \u0153uvre : personne n\u2019a reconnu le style d\u2019\u00e9criture de Gary, pourtant tr\u00e8s c\u00e9l\u00e8bre. Nous pouvons aussi nous demander quelles peuvent \u00eatre les origines de cette crise identitaire. Paul Pavlowitch a fait quant \u00e0 lui un lien avec la m\u00e8re de l\u2019auteur en expliquant que Gary a pass\u00e9 sa vie \u00e0 r\u00e9aliser les r\u00eaves de sa m\u00e8re. Et que son alter-auteur s\u2019est cr\u00e9\u00e9 quand il avait 60 ans, l\u2018\u00e2ge auquel sa m\u00e8re est d\u00e9c\u00e9d\u00e9e. Peut-on alors en d\u00e9duire que sa v\u00e9ritable personnalit\u00e9 se retrouve en Emile Ajar et non en Romain Gary ? Qui de ses deux identit\u00e9s est la plus authentique, la plus sinc\u00e8re ? Cet \u00e9v\u00e9nement litt\u00e9raire posera un grand nombre de questions et d\u2019exclamations sur la question identitaire, la reconnaissance et la mani\u00e8re de mener sa vie.<\/p>\n<\/div>\n","protected":false},"excerpt":{"rendered":"<p>En 1974, l\u2019\u00e9crivain \u00e0 succ\u00e8s Romain Gary \u00e0 perturb\u00e9 le syst\u00e8me litt\u00e9raire fran\u00e7ais en se faisant passer pour quelqu\u2019un d\u2019autre. Vous avez certainement entendu parler du c\u00e9l\u00e8bre \u00e9crivain Romain Gary, laur\u00e9at du prix Goncourt de 1956 avec son livre Les Racines du Ciel. Mais saviez-vous qu\u2019il \u00e9tait \u00e9galement connu sous le nom d\u2019Emile Ajar, gagnant [&hellip;]<\/p>\n","protected":false},"author":39,"featured_media":0,"comment_status":"open","ping_status":"open","sticky":false,"template":"","format":"standard","meta":{"advgb_blocks_editor_width":"","advgb_blocks_columns_visual_guide":"","footnotes":""},"categories":[1],"tags":[],"class_list":["post-76","post","type-post","status-publish","format-standard","hentry","category-non-classe"],"author_meta":{"display_name":"evam","author_link":"https:\/\/websites.artecom.studio\/doublevie\/author\/evam\/"},"featured_img":null,"coauthors":[],"tax_additional":{"categories":{"linked":["<a href=\"https:\/\/websites.artecom.studio\/doublevie\/category\/non-classe\/\" class=\"advgb-post-tax-term\">Non class\u00e9<\/a>"],"unlinked":["<span class=\"advgb-post-tax-term\">Non class\u00e9<\/span>"]}},"comment_count":"0","relative_dates":{"created":"Publi\u00e9 3 ans il y a","modified":"Mis \u00e0 jour 3 ans il y a"},"absolute_dates":{"created":"Publi\u00e9 le 28 mars 2023","modified":"Mise \u00e0 jour le 10 mai 2023"},"absolute_dates_time":{"created":"Publi\u00e9 le 28 mars 2023 14h07","modified":"Mise \u00e0 jour le 10 mai 2023 20h46"},"featured_img_caption":"","series_order":"","_links":{"self":[{"href":"https:\/\/websites.artecom.studio\/doublevie\/wp-json\/wp\/v2\/posts\/76","targetHints":{"allow":["GET"]}}],"collection":[{"href":"https:\/\/websites.artecom.studio\/doublevie\/wp-json\/wp\/v2\/posts"}],"about":[{"href":"https:\/\/websites.artecom.studio\/doublevie\/wp-json\/wp\/v2\/types\/post"}],"author":[{"embeddable":true,"href":"https:\/\/websites.artecom.studio\/doublevie\/wp-json\/wp\/v2\/users\/39"}],"replies":[{"embeddable":true,"href":"https:\/\/websites.artecom.studio\/doublevie\/wp-json\/wp\/v2\/comments?post=76"}],"version-history":[{"count":6,"href":"https:\/\/websites.artecom.studio\/doublevie\/wp-json\/wp\/v2\/posts\/76\/revisions"}],"predecessor-version":[{"id":423,"href":"https:\/\/websites.artecom.studio\/doublevie\/wp-json\/wp\/v2\/posts\/76\/revisions\/423"}],"wp:attachment":[{"href":"https:\/\/websites.artecom.studio\/doublevie\/wp-json\/wp\/v2\/media?parent=76"}],"wp:term":[{"taxonomy":"category","embeddable":true,"href":"https:\/\/websites.artecom.studio\/doublevie\/wp-json\/wp\/v2\/categories?post=76"},{"taxonomy":"post_tag","embeddable":true,"href":"https:\/\/websites.artecom.studio\/doublevie\/wp-json\/wp\/v2\/tags?post=76"}],"curies":[{"name":"wp","href":"https:\/\/api.w.org\/{rel}","templated":true}]}}