{"id":98,"date":"2023-03-28T14:59:20","date_gmt":"2023-03-28T12:59:20","guid":{"rendered":"https:\/\/websites.artecom.studio\/doublevie\/?p=98"},"modified":"2023-05-10T20:35:44","modified_gmt":"2023-05-10T18:35:44","slug":"josephine-baker","status":"publish","type":"post","link":"https:\/\/websites.artecom.studio\/doublevie\/2023\/03\/28\/josephine-baker\/","title":{"rendered":"Jos\u00e9phine Baker"},"content":{"rendered":"\n<p>Personnage embl\u00e9matique de sa g\u00e9n\u00e9ration, Jos\u00e9phine Baker, de son vrai nom Freda Josephine McDonald, \u00e9tait une ic\u00f4ne dans plusieurs disciplines. Elle est pass\u00e9e par plusieurs m\u00e9tiers de la sc\u00e8ne, en passant d\u2019actrice \u00e0 chanteuse, danseuse puis meneuse de revue. On la conna\u00eet principalement pour le r\u00f4le qu\u2019elle a jou\u00e9 pendant la seconde guerre mondiale. En effet, Jos\u00e9phine a jou\u00e9 un r\u00f4le tr\u00e8s important dans la r\u00e9sistance fran\u00e7aise. Elle f\u00fbt m\u00eame r\u00e9compens\u00e9e en 1946, o\u00f9 elle re\u00e7oit la m\u00e9daille de la r\u00e9sistance fran\u00e7aise. C\u2019est une combattante qui n\u2019h\u00e9sitera pas \u00e0 se battre pour d\u00e9fendre les droits des noirs, elle luttera fortement contre le racisme, principalement aux Etats-Unis.<\/p>\n\n\n\n<p>C\u2019est en 1939, que Jos\u00e9phine va d\u00e9buter sa \u00ab double vie \u00bb d\u2019espionne. Elle est rep\u00e9r\u00e9e par Jacques Abtey qui souhaite travailler avec elle pour lib\u00e9rer la France de l\u2019occupation des Allemands. Elle va remplir toutes ses missions brillamment, sans attirer l\u2019attention des Allemands. En effet ils la connaissent comme chanteuse et danseuse, ils n\u2019ont pas de raison de s\u2019en m\u00e9fier.<\/p>\n\n\n\n<p>Jos\u00e9phine Baker coche tous les crit\u00e8res de la double vie. Elle a continu\u00e9 a exerc\u00e9 ses activit\u00e9s pendant la seconde guerre mondiale, tout en se servant de sa notori\u00e9t\u00e9 pour servir la France. C\u2019est en 1961, 16 ans apr\u00e8s la fin de la guerre qu\u2019elle recevra la l\u00e9gion d\u2019honneur \u00e0 titre civile.<\/p>\n\n\n\n<p>Elle terminera sa vie \u00e0 Paris o\u00f9 elle mourra \u00e0 l\u2019\u00e2ge de 68 ans en Avril 1975. Elle sera dans un premier temps enterr\u00e9 au cimeti\u00e8re de Monaco. C\u2019est plus de 50 ans apr\u00e8s sa mort en Novembre 2021, qu\u2019elle devient la premi\u00e8re femme noire \u00e0 entrer au Panth\u00e9on.<\/p>\n\n\n\n<figure class=\"wp-block-image size-full\"><img loading=\"lazy\" decoding=\"async\" width=\"260\" height=\"364\" src=\"https:\/\/websites.artecom.studio\/doublevie\/wp-content\/uploads\/sites\/8\/2023\/03\/Baker_Harcourt_1940_2.jpg\" alt=\"\" class=\"wp-image-226\" srcset=\"https:\/\/websites.artecom.studio\/doublevie\/wp-content\/uploads\/sites\/8\/2023\/03\/Baker_Harcourt_1940_2.jpg 260w, https:\/\/websites.artecom.studio\/doublevie\/wp-content\/uploads\/sites\/8\/2023\/03\/Baker_Harcourt_1940_2-214x300.jpg 214w\" sizes=\"auto, (max-width: 260px) 100vw, 260px\" \/><\/figure>\n\n\n\n<p><strong><sup>Harcourt \/ Wikipedia<\/sup><\/strong><\/p>\n","protected":false},"excerpt":{"rendered":"<p>Personnage embl\u00e9matique de sa g\u00e9n\u00e9ration, Jos\u00e9phine Baker, de son vrai nom Freda Josephine McDonald, \u00e9tait une ic\u00f4ne dans plusieurs disciplines. Elle est pass\u00e9e par plusieurs m\u00e9tiers de la sc\u00e8ne, en passant d\u2019actrice \u00e0 chanteuse, danseuse puis meneuse de revue. On la conna\u00eet principalement pour le r\u00f4le qu\u2019elle a jou\u00e9 pendant la seconde guerre mondiale. En [&hellip;]<\/p>\n","protected":false},"author":39,"featured_media":0,"comment_status":"open","ping_status":"open","sticky":false,"template":"","format":"standard","meta":{"advgb_blocks_editor_width":"","advgb_blocks_columns_visual_guide":"","footnotes":""},"categories":[1],"tags":[],"class_list":["post-98","post","type-post","status-publish","format-standard","hentry","category-non-classe"],"author_meta":{"display_name":"evam","author_link":"https:\/\/websites.artecom.studio\/doublevie\/author\/evam\/"},"featured_img":null,"coauthors":[],"tax_additional":{"categories":{"linked":["<a href=\"https:\/\/websites.artecom.studio\/doublevie\/category\/non-classe\/\" class=\"advgb-post-tax-term\">Non class\u00e9<\/a>"],"unlinked":["<span class=\"advgb-post-tax-term\">Non class\u00e9<\/span>"]}},"comment_count":"0","relative_dates":{"created":"Publi\u00e9 3 ans il y a","modified":"Mis \u00e0 jour 3 ans il y a"},"absolute_dates":{"created":"Publi\u00e9 le 28 mars 2023","modified":"Mise \u00e0 jour le 10 mai 2023"},"absolute_dates_time":{"created":"Publi\u00e9 le 28 mars 2023 14h59","modified":"Mise \u00e0 jour le 10 mai 2023 20h35"},"featured_img_caption":"","series_order":"","_links":{"self":[{"href":"https:\/\/websites.artecom.studio\/doublevie\/wp-json\/wp\/v2\/posts\/98","targetHints":{"allow":["GET"]}}],"collection":[{"href":"https:\/\/websites.artecom.studio\/doublevie\/wp-json\/wp\/v2\/posts"}],"about":[{"href":"https:\/\/websites.artecom.studio\/doublevie\/wp-json\/wp\/v2\/types\/post"}],"author":[{"embeddable":true,"href":"https:\/\/websites.artecom.studio\/doublevie\/wp-json\/wp\/v2\/users\/39"}],"replies":[{"embeddable":true,"href":"https:\/\/websites.artecom.studio\/doublevie\/wp-json\/wp\/v2\/comments?post=98"}],"version-history":[{"count":5,"href":"https:\/\/websites.artecom.studio\/doublevie\/wp-json\/wp\/v2\/posts\/98\/revisions"}],"predecessor-version":[{"id":421,"href":"https:\/\/websites.artecom.studio\/doublevie\/wp-json\/wp\/v2\/posts\/98\/revisions\/421"}],"wp:attachment":[{"href":"https:\/\/websites.artecom.studio\/doublevie\/wp-json\/wp\/v2\/media?parent=98"}],"wp:term":[{"taxonomy":"category","embeddable":true,"href":"https:\/\/websites.artecom.studio\/doublevie\/wp-json\/wp\/v2\/categories?post=98"},{"taxonomy":"post_tag","embeddable":true,"href":"https:\/\/websites.artecom.studio\/doublevie\/wp-json\/wp\/v2\/tags?post=98"}],"curies":[{"name":"wp","href":"https:\/\/api.w.org\/{rel}","templated":true}]}}