{"id":10,"count":4,"description":"Fascin\u00e9s par la Nuit, de nombreux artistes ont cherch\u00e9 \u00e0 transmettre leur vision de ce monde nocturne. Chacun, \u00e0 travers un regard unique, singulier et artistique, \u00e0 travers des photographies, des peintures, des films, nous fait d\u00e9couvrir une Nuit. Sa Nuit. \r\nEn bonus : d\u00e9couvrez les coulisses de ON\/OFF ! \r\nD\u00e9couvrer notre Nuit  ","link":"https:\/\/websites.artecom.studio\/on-off\/category\/voir-la-nuit\/","name":"VOIR LA NUIT","slug":"voir-la-nuit","taxonomy":"category","parent":0,"meta":[],"_links":{"self":[{"href":"https:\/\/websites.artecom.studio\/on-off\/wp-json\/wp\/v2\/categories\/10","targetHints":{"allow":["GET"]}}],"collection":[{"href":"https:\/\/websites.artecom.studio\/on-off\/wp-json\/wp\/v2\/categories"}],"about":[{"href":"https:\/\/websites.artecom.studio\/on-off\/wp-json\/wp\/v2\/taxonomies\/category"}],"wp:post_type":[{"href":"https:\/\/websites.artecom.studio\/on-off\/wp-json\/wp\/v2\/posts?categories=10"}],"curies":[{"name":"wp","href":"https:\/\/api.w.org\/{rel}","templated":true}]}}